{"id":391,"date":"2026-08-27T15:14:20","date_gmt":"2026-08-27T15:14:20","guid":{"rendered":"https:\/\/anpaveleirodocampo.eu\/?p=391"},"modified":"2026-08-30T19:07:48","modified_gmt":"2026-08-30T19:07:48","slug":"robotica","status":"publish","type":"post","link":"https:\/\/anpaveleirodocampo.eu\/index.php\/2026\/08\/27\/robotica\/","title":{"rendered":"ACTIVIDADES EXTRAESCOLARES 26-27"},"content":{"rendered":"\n<details class=\"wp-block-details is-layout-flow wp-block-details-is-layout-flow\"><summary><strong>ROB\u00d3TICA<\/strong><\/summary>\n<div data-wp-context=\"{ &quot;autoclose&quot;: false, &quot;accordionItems&quot;: [] }\" data-wp-interactive=\"core\/accordion\" role=\"group\" class=\"wp-block-accordion is-layout-flow wp-block-accordion-is-layout-flow\">\n<div data-wp-class--is-open=\"state.isOpen\" data-wp-context=\"{ &quot;id&quot;: &quot;accordion-item-2&quot;, &quot;openByDefault&quot;: false }\" data-wp-init=\"callbacks.initAccordionItems\" data-wp-on-window--hashchange=\"callbacks.hashChange\" class=\"wp-block-accordion-item is-layout-flow wp-block-accordion-item-is-layout-flow\">\n<h3 class=\"wp-block-accordion-heading has-icon has-icon-right\"><button aria-expanded=\"false\" aria-controls=\"accordion-item-2-panel\" data-wp-bind--aria-expanded=\"state.isOpen\" data-wp-on--click=\"actions.toggle\" id=\"accordion-item-2\" type=\"button\" class=\"wp-block-accordion-heading__toggle\"><span class=\"wp-block-accordion-heading__toggle-title\">Rob\u00f3tica\ud83e\udd16<\/span><span class=\"wp-block-accordion-heading__toggle-icon\" aria-hidden=\"true\">+<\/span><\/button><\/h3>\n\n\n\n<div aria-labelledby=\"accordion-item-2\" data-wp-bind--hidden=\"state.isHidden\" data-wp-on--beforematch=\"actions.handleBeforeMatch\" id=\"accordion-item-2-panel\" role=\"region\" class=\"wp-block-accordion-panel is-layout-flow wp-block-accordion-panel-is-layout-flow\">\n<figure class=\"wp-block-image size-full wp-duotone-unset-1\"><img decoding=\"async\" width=\"1131\" height=\"1600\" fetchpriority=\"low\" src=\"https:\/\/anpaveleirodocampo.eu\/wp-content\/uploads\/2026\/08\/WhatsApp-Image-2026-08-30-at-17.14.34.jpeg\" alt=\"\" class=\"wp-image-425\" srcset=\"https:\/\/anpaveleirodocampo.eu\/wp-content\/uploads\/2026\/08\/WhatsApp-Image-2026-08-30-at-17.14.34.jpeg 1131w, https:\/\/anpaveleirodocampo.eu\/wp-content\/uploads\/2026\/08\/WhatsApp-Image-2026-08-30-at-17.14.34-212x300.jpeg 212w, https:\/\/anpaveleirodocampo.eu\/wp-content\/uploads\/2026\/08\/WhatsApp-Image-2026-08-30-at-17.14.34-768x1086.jpeg 768w, https:\/\/anpaveleirodocampo.eu\/wp-content\/uploads\/2026\/08\/WhatsApp-Image-2026-08-30-at-17.14.34-724x1024.jpeg 724w, https:\/\/anpaveleirodocampo.eu\/wp-content\/uploads\/2026\/08\/WhatsApp-Image-2026-08-30-at-17.14.34-1086x1536.jpeg 1086w\" sizes=\"(max-width: 1131px) 100vw, 1131px\" \/><\/figure>\n\n\n\n<p class=\"wp-block-paragraph\"><\/p>\n<\/div>\n<\/div>\n<\/div>\n\n\n\n<ul class=\"wp-block-list\">\n<li>M\u00e9rcores lectivos, de outubro a maio (ambos inclu\u00eddos)<\/li>\n\n\n\n<li>\u2060De 15:25 a 16:25<\/li>\n\n\n\n<li>\u2060Nen@s de 1\u00ba a 6\u00baEP<\/li>\n\n\n\n<li>\u206025\u20ac\/mes soci@s, non soci@s 20\u20ac de xesti\u00f3n de matr\u00edcula + 25\u20ac\/mes. Se non eres soci@ \u00e9 preciso que contactes coa Anpa antes de inscribirte.<\/li>\n\n\n\n<li>Ceip Veleiro Docampo<\/li>\n\n\n\n<li>Impartido por Aula Desaf\u00edo<\/li>\n\n\n\n<li>Inscrici\u00f3n no seguinte enlace:<\/li>\n\n\n\n<li><a href=\"https:\/\/auladesafio.com\/lugo\/formulario-robotica-ceip-veleiro-do-campo\/\">https:\/\/auladesafio.com\/lugo\/formulario-robotica-ceip-veleiro-do-campo\/<\/a><\/li>\n<\/ul>\n<\/details>\n\n\n\n<details class=\"wp-block-details is-layout-flow wp-block-details-is-layout-flow\"><summary><strong>MECANOGRAF\u00cdA E OFIM\u00c1TICA<\/strong><\/summary>\n<ul class=\"wp-block-list\">\n<li>M\u00e9rcores lectivos, de outubro a maio (ambos inclu\u00eddos)<\/li>\n\n\n\n<li>\u2060De 16:30 a 17:30<\/li>\n\n\n\n<li>\u2060Nen@s de 4\u00ba, 5\u00ba e 6\u00ba EP<\/li>\n\n\n\n<li>\u206025\u20ac\/mes soci@s, non soci@s 20\u20ac de xesti\u00f3n de matr\u00edcula + 25\u20ac\/mes. Se non eres soci@ \u00e9 preciso que contactes coa Anpa antes de inscribirte.<\/li>\n\n\n\n<li>Ceip Veleiro Docampo<\/li>\n\n\n\n<li>Impartido por Aula Desaf\u00edo<\/li>\n\n\n\n<li>Inscrici\u00f3n no seguinte enlace:<\/li>\n\n\n\n<li><a href=\"https:\/\/auladesafio.com\/lugo\/formulario-robotica-ceip-veleiro-do-campo\/\">https:\/\/auladesafio.com\/lugo\/formulario-robotica-ceip-veleiro-do-campo\/<\/a><\/li>\n<\/ul>\n\n\n\n<figure class=\"wp-block-image size-full wp-duotone-unset-3\"><img decoding=\"async\" width=\"1131\" height=\"1600\" fetchpriority=\"low\" src=\"https:\/\/anpaveleirodocampo.eu\/wp-content\/uploads\/2026\/08\/WhatsApp-Image-2026-08-30-at-17.21.27.jpeg\" alt=\"\" class=\"wp-image-426\" srcset=\"https:\/\/anpaveleirodocampo.eu\/wp-content\/uploads\/2026\/08\/WhatsApp-Image-2026-08-30-at-17.21.27.jpeg 1131w, https:\/\/anpaveleirodocampo.eu\/wp-content\/uploads\/2026\/08\/WhatsApp-Image-2026-08-30-at-17.21.27-212x300.jpeg 212w, https:\/\/anpaveleirodocampo.eu\/wp-content\/uploads\/2026\/08\/WhatsApp-Image-2026-08-30-at-17.21.27-768x1086.jpeg 768w, https:\/\/anpaveleirodocampo.eu\/wp-content\/uploads\/2026\/08\/WhatsApp-Image-2026-08-30-at-17.21.27-724x1024.jpeg 724w, https:\/\/anpaveleirodocampo.eu\/wp-content\/uploads\/2026\/08\/WhatsApp-Image-2026-08-30-at-17.21.27-1086x1536.jpeg 1086w\" sizes=\"(max-width: 1131px) 100vw, 1131px\" \/><\/figure>\n\n\n\n<p class=\"wp-block-paragraph\"><\/p>\n<\/details>\n\n\n\n<details class=\"wp-block-details is-layout-flow wp-block-details-is-layout-flow\"><summary><strong>INGL\u00c9S<\/strong><\/summary>\n<ul class=\"wp-block-list\">\n<li>Xoves de outubro a maio<\/li>\n\n\n\n<li>Varios grupos: 15:30, 16:30, 17:30&#8230; (establec\u00e9ranse horas en funci\u00f3n da demanda e idade d@s nen@s)<\/li>\n\n\n\n<li>Nen@s de 3 a 12 anos<\/li>\n\n\n\n<li>Ceip Veleiro Docampo<\/li>\n\n\n\n<li>Impartido por AriEm Educaci\u00f3n<\/li>\n<\/ul>\n\n\n\n<div class=\"wp-block-columns is-layout-flex wp-container-core-columns-is-layout-3a88641f wp-block-columns-is-layout-flex\">\n<div class=\"wp-block-column is-vertically-aligned-center is-layout-flow wp-block-column-is-layout-flow\" style=\"flex-basis:100%\">\n<div class=\"wp-block-columns is-layout-flex wp-container-core-columns-is-layout-3a88641f wp-block-columns-is-layout-flex\">\n<div class=\"wp-block-column is-layout-flow wp-block-column-is-layout-flow\" style=\"flex-basis:100%\">\n<blockquote class=\"wp-block-quote is-layout-flow wp-block-quote-is-layout-flow\">\n<p class=\"wp-block-paragraph\">Actividade l\u00fadica en lingua inglesa orientada a mellorar a expresi\u00f3n oral e a comprensi\u00f3n auditiva, as\u00ed como a cultura inglesa mediante xogos, conversas,<br>din\u00e1micas de grupo, xogos ao aire libre, horta, etc.<br>O obxectivo \u00e9 crear un espazo distendido onde os nenos e nenas poidan practicar o ingl\u00e9s de forma natural, divertida, relaxada e significativa.<\/p>\n<\/blockquote>\n<\/div>\n<\/div>\n<\/div>\n<\/div>\n\n\n\n<div class=\"wp-block-columns is-layout-flex wp-container-core-columns-is-layout-3a88641f wp-block-columns-is-layout-flex\">\n<div class=\"wp-block-column is-layout-flow wp-block-column-is-layout-flow\" style=\"flex-basis:100%\">\n<blockquote class=\"wp-block-quote is-layout-flow wp-block-quote-is-layout-flow\">\n<p class=\"wp-block-paragraph\">A actividade desenvolverase en grupos reducidos, cun n\u00famero de&nbsp;<strong>entre 5 e 10 participantes.<\/strong><br>A divisi\u00f3n de grupos ser\u00e1 por etapa educativa (infantil, 1\u00ba, 2\u00ba e 3\u00ba ciclo de primaria). Estes grupos poder\u00e1n dividirse ou unificarse para cumprir co n\u00famero de participantes, procurando que as idades dos nenos e nenas sexan o m\u00e1is pr\u00f3ximas posible.<\/p>\n<\/blockquote>\n<\/div>\n<\/div>\n\n\n\n<div class=\"wp-block-group has-global-padding is-layout-constrained wp-block-group-is-layout-constrained\">\n<div class=\"wp-block-columns is-layout-flex wp-container-core-columns-is-layout-3a88641f wp-block-columns-is-layout-flex\">\n<div class=\"wp-block-column is-layout-flow wp-block-column-is-layout-flow\" style=\"flex-basis:100%\"><\/div>\n<\/div>\n<\/div>\n<\/details>\n\n\n\n<details class=\"wp-block-details is-layout-flow wp-block-details-is-layout-flow\"><summary><strong>CONVENIO D10<\/strong><\/summary>\n<p class=\"wp-block-paragraph\"><\/p>\n<\/details>\n\n\n\n<details class=\"wp-block-details is-layout-flow wp-block-details-is-layout-flow\"><summary><strong>BALONCESTO<\/strong><\/summary>\n<p class=\"wp-block-paragraph\">Se desexas matricular o\/a(os\/as) teus fillo\/a (os\/as) na actividade de baloncesto, enche este formulario. <\/p>\n\n\n\n<p class=\"wp-block-paragraph\">A finalidade \u00e9 co\u00f1ecer o n\u00famero de interesados para sabermos se \u00e9 posible levala a cabo.<\/p>\n\n\n\n<p class=\"wp-block-paragraph\"> Se \u00e9 posible l\u00e9vala adiante ou non, avisaremosvos, ou ben para realizar a matr\u00edcula ou para comunicarvos a non realizaci\u00f3n da actividade.<\/p>\n\n\n\n<p class=\"wp-block-paragraph\"><br>Non temos horario nin lugar concretado a\u00ednda, sabemos que para v\u00f3s \u00e9 importante co\u00f1ecelo, de cara a organizaci\u00f3n, pero por diversos motivos, preferimos valoralo en funci\u00f3n do interese pola actividade.<\/p>\n\n\n\n<p class=\"wp-block-paragraph\"><a href=\"https:\/\/docs.google.com\/forms\/d\/e\/1FAIpQLSeJ4HyMJYMF0BfJXQJhC-q9SE-neQyJiShiTtTwUOZd68ZB5Q\/viewform\">https:\/\/docs.google.com\/forms\/d\/e\/1FAIpQLSeJ4HyMJYMF0BfJXQJhC-q9SE-neQyJiShiTtTwUOZd68ZB5Q\/viewform<\/a><\/p>\n<\/details>\n","protected":false},"excerpt":{"rendered":"","protected":false},"author":1,"featured_media":398,"comment_status":"open","ping_status":"open","sticky":false,"template":"","format":"standard","meta":{"footnotes":""},"categories":[1],"tags":[49,34,48,47],"class_list":["post-391","post","type-post","status-publish","format-standard","has-post-thumbnail","hentry","category-uncategorized","tag-aula-desafio","tag-ceip-veleiro-docampo","tag-extraescolares-26-27","tag-robotica"],"_links":{"self":[{"href":"https:\/\/anpaveleirodocampo.eu\/index.php\/wp-json\/wp\/v2\/posts\/391","targetHints":{"allow":["GET"]}}],"collection":[{"href":"https:\/\/anpaveleirodocampo.eu\/index.php\/wp-json\/wp\/v2\/posts"}],"about":[{"href":"https:\/\/anpaveleirodocampo.eu\/index.php\/wp-json\/wp\/v2\/types\/post"}],"author":[{"embeddable":true,"href":"https:\/\/anpaveleirodocampo.eu\/index.php\/wp-json\/wp\/v2\/users\/1"}],"replies":[{"embeddable":true,"href":"https:\/\/anpaveleirodocampo.eu\/index.php\/wp-json\/wp\/v2\/comments?post=391"}],"version-history":[{"count":23,"href":"https:\/\/anpaveleirodocampo.eu\/index.php\/wp-json\/wp\/v2\/posts\/391\/revisions"}],"predecessor-version":[{"id":427,"href":"https:\/\/anpaveleirodocampo.eu\/index.php\/wp-json\/wp\/v2\/posts\/391\/revisions\/427"}],"wp:featuredmedia":[{"embeddable":true,"href":"https:\/\/anpaveleirodocampo.eu\/index.php\/wp-json\/wp\/v2\/media\/398"}],"wp:attachment":[{"href":"https:\/\/anpaveleirodocampo.eu\/index.php\/wp-json\/wp\/v2\/media?parent=391"}],"wp:term":[{"taxonomy":"category","embeddable":true,"href":"https:\/\/anpaveleirodocampo.eu\/index.php\/wp-json\/wp\/v2\/categories?post=391"},{"taxonomy":"post_tag","embeddable":true,"href":"https:\/\/anpaveleirodocampo.eu\/index.php\/wp-json\/wp\/v2\/tags?post=391"}],"curies":[{"name":"wp","href":"https:\/\/api.w.org\/{rel}","templated":true}]}}