{"id":384,"date":"2026-08-26T11:31:38","date_gmt":"2026-08-26T11:31:38","guid":{"rendered":"https:\/\/anpaveleirodocampo.eu\/?p=384"},"modified":"2026-08-26T11:31:38","modified_gmt":"2026-08-26T11:31:38","slug":"ocioteca-curso-26-27","status":"publish","type":"post","link":"https:\/\/anpaveleirodocampo.eu\/index.php\/2026\/08\/26\/ocioteca-curso-26-27\/","title":{"rendered":"Ocioteca curso 26-27"},"content":{"rendered":"\n<p class=\"wp-block-paragraph\">Ola familias!<\/p>\n\n\n\n<p class=\"wp-block-paragraph\">Estamos a piques de comezar un novo curso escolar, e este ano estamos ledos por poder ofertar ocioteca de tarde dende o 09\/09\/26 ata o 21\/06\/27, nos d\u00edas lectivos, para  poder axudarvos coa conciliaci\u00f3n familiar.<\/p>\n\n\n\n<p class=\"wp-block-paragraph\">Ser\u00e1 en horario de 15:30 a 17:30 horas, para idades comprendidas entre os 3 e os 12 anos.<\/p>\n\n\n\n<p class=\"wp-block-paragraph\">Podese solicitar facer uso dela por trimestres, marcando nas casi\u00f1as o trimestre ou trimestres nos que se precisa, ou por d\u00edas soltos. <\/p>\n\n\n\n<p class=\"wp-block-paragraph\">Xa que, as prazas son limitadas, daremos prioridade a orde de inscrici\u00f3n e tam\u00e9n ao tempo no que @ nen@ necesite facer uso dela. Sempre \u00e9 cando haxa dispo\u00f1ibilidade de prazas, manteremos inscrici\u00f3ns abertas durante o curso escolar, por se algu\u00e9n o precisara durante o transcurso  do mesmo.<\/p>\n\n\n\n<p class=\"wp-block-paragraph\">Na solicitude anexada, ven toda a informaci\u00f3n que precisades.<\/p>\n\n\n\n<p class=\"wp-block-paragraph\">Se tedes algunha d\u00fabida, non dudedes en consultarnos, ou nos correos anpaveleirodocampo@yahoo.es, anpaveleirodocampo27260@gmail.com ou no tel\u00e9fono da Anpa: 613335935.<\/p>\n\n\n\n<p class=\"wp-block-paragraph\">Anexamos tam\u00e9n, unha autorizaci\u00f3n para a recollida d@s nen@s, por se non tedes espacio suficiente na solicitude.<\/p>\n\n\n\n<div data-wp-interactive=\"core\/file\" class=\"wp-block-file\"><object data-wp-bind--hidden=\"!state.hasPdfPreview\" hidden class=\"wp-block-file__embed\" data=\"https:\/\/anpaveleirodocampo.eu\/wp-content\/uploads\/2026\/08\/autorizacion-recollida-actividades-1.pdf\" type=\"application\/pdf\" style=\"width:100%;height:600px\" aria-label=\"Incrustado de autorizacion recollida actividades (1).\"><\/object><a id=\"wp-block-file--media-4bb9ae6e-d58d-4586-b08f-5f01deb8e3b1\" href=\"https:\/\/anpaveleirodocampo.eu\/wp-content\/uploads\/2026\/08\/autorizacion-recollida-actividades-1.pdf\">autorizacion recollida actividades (1)<\/a><a href=\"https:\/\/anpaveleirodocampo.eu\/wp-content\/uploads\/2026\/08\/autorizacion-recollida-actividades-1.pdf\" class=\"wp-block-file__button wp-element-button\" download aria-describedby=\"wp-block-file--media-4bb9ae6e-d58d-4586-b08f-5f01deb8e3b1\">Descarga\t <\/a><\/div>\n\n\n\n<div data-wp-interactive=\"core\/file\" class=\"wp-block-file\"><object data-wp-bind--hidden=\"!state.hasPdfPreview\" hidden class=\"wp-block-file__embed\" data=\"https:\/\/anpaveleirodocampo.eu\/wp-content\/uploads\/2026\/08\/Solicitude-ocioteca-26-27pdf.pdf\" type=\"application\/pdf\" style=\"width:100%;height:600px\" aria-label=\"Incrustado de &lt;br&gt;Solicitude ocioteca 26-27pdf.\"><\/object><a id=\"wp-block-file--media-3ddad1b7-810c-4c9a-a818-9412a44ba85a\" href=\"https:\/\/anpaveleirodocampo.eu\/wp-content\/uploads\/2026\/08\/Solicitude-ocioteca-26-27pdf.pdf\"><br>Solicitude ocioteca 26-27pdf<\/a><a href=\"https:\/\/anpaveleirodocampo.eu\/wp-content\/uploads\/2026\/08\/Solicitude-ocioteca-26-27pdf.pdf\" class=\"wp-block-file__button wp-element-button\" download aria-describedby=\"wp-block-file--media-3ddad1b7-810c-4c9a-a818-9412a44ba85a\">Descarga\t <\/a><\/div>\n","protected":false},"excerpt":{"rendered":"<p>Ola familias! Estamos a piques de comezar un novo curso escolar, e este ano estamos ledos por poder ofertar ocioteca de tarde dende o 09\/09\/26 ata o 21\/06\/27, nos d\u00edas lectivos, para poder axudarvos coa conciliaci\u00f3n familiar. Ser\u00e1 en horario de 15:30 a 17:30 horas, para idades comprendidas entre os 3 e os 12 anos. [&hellip;]<\/p>\n","protected":false},"author":1,"featured_media":386,"comment_status":"open","ping_status":"open","sticky":false,"template":"","format":"standard","meta":{"footnotes":""},"categories":[1],"tags":[34,30,32,45,33,46],"class_list":["post-384","post","type-post","status-publish","format-standard","has-post-thumbnail","hentry","category-uncategorized","tag-ceip-veleiro-docampo","tag-corresponsables","tag-ludus-tempori","tag-ocioteca-26-27","tag-pacto-de-estado","tag-xunta-de-galica"],"_links":{"self":[{"href":"https:\/\/anpaveleirodocampo.eu\/index.php\/wp-json\/wp\/v2\/posts\/384","targetHints":{"allow":["GET"]}}],"collection":[{"href":"https:\/\/anpaveleirodocampo.eu\/index.php\/wp-json\/wp\/v2\/posts"}],"about":[{"href":"https:\/\/anpaveleirodocampo.eu\/index.php\/wp-json\/wp\/v2\/types\/post"}],"author":[{"embeddable":true,"href":"https:\/\/anpaveleirodocampo.eu\/index.php\/wp-json\/wp\/v2\/users\/1"}],"replies":[{"embeddable":true,"href":"https:\/\/anpaveleirodocampo.eu\/index.php\/wp-json\/wp\/v2\/comments?post=384"}],"version-history":[{"count":1,"href":"https:\/\/anpaveleirodocampo.eu\/index.php\/wp-json\/wp\/v2\/posts\/384\/revisions"}],"predecessor-version":[{"id":389,"href":"https:\/\/anpaveleirodocampo.eu\/index.php\/wp-json\/wp\/v2\/posts\/384\/revisions\/389"}],"wp:featuredmedia":[{"embeddable":true,"href":"https:\/\/anpaveleirodocampo.eu\/index.php\/wp-json\/wp\/v2\/media\/386"}],"wp:attachment":[{"href":"https:\/\/anpaveleirodocampo.eu\/index.php\/wp-json\/wp\/v2\/media?parent=384"}],"wp:term":[{"taxonomy":"category","embeddable":true,"href":"https:\/\/anpaveleirodocampo.eu\/index.php\/wp-json\/wp\/v2\/categories?post=384"},{"taxonomy":"post_tag","embeddable":true,"href":"https:\/\/anpaveleirodocampo.eu\/index.php\/wp-json\/wp\/v2\/tags?post=384"}],"curies":[{"name":"wp","href":"https:\/\/api.w.org\/{rel}","templated":true}]}}