{"id":327,"date":"2026-01-11T20:25:31","date_gmt":"2026-01-11T20:25:31","guid":{"rendered":"https:\/\/anpaveleirodocampo.eu\/?p=327"},"modified":"2026-01-11T20:25:31","modified_gmt":"2026-01-11T20:25:31","slug":"taller-de-alimentacion-saudable","status":"publish","type":"post","link":"https:\/\/anpaveleirodocampo.eu\/index.php\/2026\/01\/11\/taller-de-alimentacion-saudable\/","title":{"rendered":"Taller de alimentaci\u00f3n saudable"},"content":{"rendered":"\n<p><\/p>\n\n\n\n<figure class=\"wp-block-image size-large wp-duotone-unset-1\"><img loading=\"lazy\" decoding=\"async\" width=\"724\" height=\"1024\" src=\"https:\/\/anpaveleirodocampo.eu\/wp-content\/uploads\/2026\/01\/WhatsApp-Image-2026-01-11-at-17.03.55-724x1024.jpeg\" alt=\"\" class=\"wp-image-328\" srcset=\"https:\/\/anpaveleirodocampo.eu\/wp-content\/uploads\/2026\/01\/WhatsApp-Image-2026-01-11-at-17.03.55-724x1024.jpeg 724w, https:\/\/anpaveleirodocampo.eu\/wp-content\/uploads\/2026\/01\/WhatsApp-Image-2026-01-11-at-17.03.55-212x300.jpeg 212w, https:\/\/anpaveleirodocampo.eu\/wp-content\/uploads\/2026\/01\/WhatsApp-Image-2026-01-11-at-17.03.55-768x1086.jpeg 768w, https:\/\/anpaveleirodocampo.eu\/wp-content\/uploads\/2026\/01\/WhatsApp-Image-2026-01-11-at-17.03.55-1087x1536.jpeg 1087w, https:\/\/anpaveleirodocampo.eu\/wp-content\/uploads\/2026\/01\/WhatsApp-Image-2026-01-11-at-17.03.55.jpeg 1415w\" sizes=\"auto, (max-width: 724px) 100vw, 724px\" \/><\/figure>\n\n\n\n<p>A infancia e a adolescencia son as etapas da vida nas que se adquiren h\u00e1bitos. Polo tanto, \u00e9 cando a educaci\u00f3n alimentaria \u00e9 moi importante para adquirir as habilidades e co\u00f1ecementos alimentarios axeitados.<\/p>\n\n\n\n<p>Por iso, imos levar a cabo, un taller de alimentaci\u00f3n saudable para o alumnado, onde os\/as nenos\/nenas aprender\u00e1n a trav\u00e9s do xogo e a diversi\u00f3n.<\/p>\n\n\n\n<p>Os\/as mais pequenos\/as, aprender\u00e1n a trav\u00e9s de actividades sensoriais e conto; e os\/as nenos\/as maiores de 7 anos, aprender\u00e1n preparando \u201censaladas tolas\u201d.<\/p>\n\n\n\n<p>O taller ser\u00e1 impartido por Nutricoles, o xoves 29 de xaneiro, en dous grupos, \u00e1s 16:30 e 17:30, en funci\u00f3n da idade do\/a neno\/a.<\/p>\n\n\n\n<p>Os\/as nenos\/as de infantil e 1\u00ba e 2\u00ba de primaria, ir\u00edan no grupo das 16:30. Os\/as nenos\/as &nbsp;dende 3\u00ba a 6\u00ba de primaria, no grupo das 17:30.<\/p>\n\n\n\n<p>O prezo por neno\/a ser\u00e1 de 10\u20ac. Realizarase ingreso na conta da Anpa: ES50 0049 2829 9528 1403 7646. Po\u00f1endo de concepto o nome do\/a neno\/a + Taller alimentaci\u00f3n.<\/p>\n\n\n\n<p>\u00c9 preciso cubrir o formulario e enviar xustificante do ingreso ao correo da Anpa: <a href=\"mailto:anpaveleirodocampo@yahoo.es\">anpaveleirodocampo@yahoo.es<\/a>. Posteriormente a iso, enviaremos confirmaci\u00f3n da praza.<\/p>\n\n\n\n<p>Data l\u00edmite inscrici\u00f3n: 25 de xaneiro.<\/p>\n\n\n\n<p>Agardamos que sexa do voso interese.<\/p>\n\n\n\n<p><a href=\"https:\/\/docs.google.com\/forms\/d\/e\/1FAIpQLSe1PmE3KXvOiP_S4GqxvTv0wVI5zkw1JJNAe9ZunOwzOUiKUg\/viewform\">https:\/\/docs.google.com\/forms\/d\/e\/1FAIpQLSe1PmE3KXvOiP_S4GqxvTv0wVI5zkw1JJNAe9ZunOwzOUiKUg\/viewform<\/a><\/p>\n\n\n\n<p><\/p>\n","protected":false},"excerpt":{"rendered":"<p>A infancia e a adolescencia son as etapas da vida nas que se adquiren h\u00e1bitos. Polo tanto, \u00e9 cando a educaci\u00f3n alimentaria \u00e9 moi importante para adquirir as habilidades e co\u00f1ecementos alimentarios axeitados. Por iso, imos levar a cabo, un taller de alimentaci\u00f3n saudable para o alumnado, onde os\/as nenos\/nenas aprender\u00e1n a trav\u00e9s do xogo [&hellip;]<\/p>\n","protected":false},"author":1,"featured_media":0,"comment_status":"open","ping_status":"open","sticky":false,"template":"","format":"standard","meta":{"footnotes":""},"categories":[1],"tags":[23,22],"class_list":["post-327","post","type-post","status-publish","format-standard","hentry","category-uncategorized","tag-alimentacion-saudable","tag-nutricoles"],"_links":{"self":[{"href":"https:\/\/anpaveleirodocampo.eu\/index.php\/wp-json\/wp\/v2\/posts\/327","targetHints":{"allow":["GET"]}}],"collection":[{"href":"https:\/\/anpaveleirodocampo.eu\/index.php\/wp-json\/wp\/v2\/posts"}],"about":[{"href":"https:\/\/anpaveleirodocampo.eu\/index.php\/wp-json\/wp\/v2\/types\/post"}],"author":[{"embeddable":true,"href":"https:\/\/anpaveleirodocampo.eu\/index.php\/wp-json\/wp\/v2\/users\/1"}],"replies":[{"embeddable":true,"href":"https:\/\/anpaveleirodocampo.eu\/index.php\/wp-json\/wp\/v2\/comments?post=327"}],"version-history":[{"count":1,"href":"https:\/\/anpaveleirodocampo.eu\/index.php\/wp-json\/wp\/v2\/posts\/327\/revisions"}],"predecessor-version":[{"id":331,"href":"https:\/\/anpaveleirodocampo.eu\/index.php\/wp-json\/wp\/v2\/posts\/327\/revisions\/331"}],"wp:attachment":[{"href":"https:\/\/anpaveleirodocampo.eu\/index.php\/wp-json\/wp\/v2\/media?parent=327"}],"wp:term":[{"taxonomy":"category","embeddable":true,"href":"https:\/\/anpaveleirodocampo.eu\/index.php\/wp-json\/wp\/v2\/categories?post=327"},{"taxonomy":"post_tag","embeddable":true,"href":"https:\/\/anpaveleirodocampo.eu\/index.php\/wp-json\/wp\/v2\/tags?post=327"}],"curies":[{"name":"wp","href":"https:\/\/api.w.org\/{rel}","templated":true}]}}