{"id":321,"date":"2026-01-10T22:05:45","date_gmt":"2026-01-10T22:05:45","guid":{"rendered":"https:\/\/anpaveleirodocampo.eu\/?p=321"},"modified":"2026-01-10T22:11:23","modified_gmt":"2026-01-10T22:11:23","slug":"afecto-comunicacion-e-aceptacion","status":"publish","type":"post","link":"https:\/\/anpaveleirodocampo.eu\/index.php\/2026\/01\/10\/afecto-comunicacion-e-aceptacion\/","title":{"rendered":"&#8220;Afecto, comunicaci\u00f3n e aceptaci\u00f3n&#8221;"},"content":{"rendered":"\n<p>O m\u00e9rcores 14 de xaneiro \u00e1s 17:00,  vai a vir ao Ceip Veleiro Docampo, a psic\u00f3loga da Cruz Vermella no Comit\u00e9 Provincial de Lugo, Violeta V\u00e1zquez Lence, para impartir esta formaci\u00f3n \u00e1s familias.  <\/p>\n\n\n\n<p>O fogar \u00e9 a primeira escola do ser humano e onde se adquiren as primeiras noci\u00f3ns da vida, inculcan valores e preparan ao neno\/a de cara \u00e1 s\u00faa vida. Por iso, \u00e9 importante traballar o entorno familiar que rodea ao neno\/a. As mostras de afecto, ter unha boa comunicaci\u00f3n e relaci\u00f3n familiar, vivindo nun ambiente de uni\u00f3n, tolerancia, cari\u00f1o e aceptaci\u00f3n van a xogar un papel importante no aspecto emocional, na sua confianza, seguridade, valores, costumes, actitudes&#8230;<\/p>\n\n\n\n<p>Por todo iso, decidimos que esta era unha formaci\u00f3n que pod\u00eda resultar de moita utilidade \u00e1s familias e coidadores. Agardamos que sexa do voso inter\u00e9s.<\/p>\n\n\n\n<p><\/p>\n\n\n\n<figure class=\"wp-block-image size-large wp-duotone-unset-1\"><img loading=\"lazy\" decoding=\"async\" width=\"725\" height=\"1024\" src=\"https:\/\/anpaveleirodocampo.eu\/wp-content\/uploads\/2026\/01\/WhatsApp-Image-2026-01-07-at-09.26.09-725x1024.jpeg\" alt=\"\" class=\"wp-image-322\" srcset=\"https:\/\/anpaveleirodocampo.eu\/wp-content\/uploads\/2026\/01\/WhatsApp-Image-2026-01-07-at-09.26.09-725x1024.jpeg 725w, https:\/\/anpaveleirodocampo.eu\/wp-content\/uploads\/2026\/01\/WhatsApp-Image-2026-01-07-at-09.26.09-212x300.jpeg 212w, https:\/\/anpaveleirodocampo.eu\/wp-content\/uploads\/2026\/01\/WhatsApp-Image-2026-01-07-at-09.26.09-768x1085.jpeg 768w, https:\/\/anpaveleirodocampo.eu\/wp-content\/uploads\/2026\/01\/WhatsApp-Image-2026-01-07-at-09.26.09-1087x1536.jpeg 1087w, https:\/\/anpaveleirodocampo.eu\/wp-content\/uploads\/2026\/01\/WhatsApp-Image-2026-01-07-at-09.26.09.jpeg 1449w\" sizes=\"auto, (max-width: 725px) 100vw, 725px\" \/><\/figure>\n","protected":false},"excerpt":{"rendered":"<p>O m\u00e9rcores 14 de xaneiro \u00e1s 17:00, vai a vir ao Ceip Veleiro Docampo, a psic\u00f3loga da Cruz Vermella no Comit\u00e9 Provincial de Lugo, Violeta V\u00e1zquez Lence, para impartir esta formaci\u00f3n \u00e1s familias. O fogar \u00e9 a primeira escola do ser humano e onde se adquiren as primeiras noci\u00f3ns da vida, inculcan valores e preparan [&hellip;]<\/p>\n","protected":false},"author":1,"featured_media":0,"comment_status":"open","ping_status":"open","sticky":false,"template":"","format":"standard","meta":{"footnotes":""},"categories":[1],"tags":[],"class_list":["post-321","post","type-post","status-publish","format-standard","hentry","category-uncategorized"],"_links":{"self":[{"href":"https:\/\/anpaveleirodocampo.eu\/index.php\/wp-json\/wp\/v2\/posts\/321","targetHints":{"allow":["GET"]}}],"collection":[{"href":"https:\/\/anpaveleirodocampo.eu\/index.php\/wp-json\/wp\/v2\/posts"}],"about":[{"href":"https:\/\/anpaveleirodocampo.eu\/index.php\/wp-json\/wp\/v2\/types\/post"}],"author":[{"embeddable":true,"href":"https:\/\/anpaveleirodocampo.eu\/index.php\/wp-json\/wp\/v2\/users\/1"}],"replies":[{"embeddable":true,"href":"https:\/\/anpaveleirodocampo.eu\/index.php\/wp-json\/wp\/v2\/comments?post=321"}],"version-history":[{"count":3,"href":"https:\/\/anpaveleirodocampo.eu\/index.php\/wp-json\/wp\/v2\/posts\/321\/revisions"}],"predecessor-version":[{"id":325,"href":"https:\/\/anpaveleirodocampo.eu\/index.php\/wp-json\/wp\/v2\/posts\/321\/revisions\/325"}],"wp:attachment":[{"href":"https:\/\/anpaveleirodocampo.eu\/index.php\/wp-json\/wp\/v2\/media?parent=321"}],"wp:term":[{"taxonomy":"category","embeddable":true,"href":"https:\/\/anpaveleirodocampo.eu\/index.php\/wp-json\/wp\/v2\/categories?post=321"},{"taxonomy":"post_tag","embeddable":true,"href":"https:\/\/anpaveleirodocampo.eu\/index.php\/wp-json\/wp\/v2\/tags?post=321"}],"curies":[{"name":"wp","href":"https:\/\/api.w.org\/{rel}","templated":true}]}}