{"id":317,"date":"2025-12-08T18:27:24","date_gmt":"2025-12-08T18:27:24","guid":{"rendered":"https:\/\/anpaveleirodocampo.eu\/?p=317"},"modified":"2025-12-08T18:27:24","modified_gmt":"2025-12-08T18:27:24","slug":"o-cachopo-maxico","status":"publish","type":"post","link":"https:\/\/anpaveleirodocampo.eu\/index.php\/2025\/12\/08\/o-cachopo-maxico\/","title":{"rendered":"O Cachopo M\u00e1xico"},"content":{"rendered":"\n<figure class=\"wp-block-image size-full wp-duotone-unset-1\"><img loading=\"lazy\" decoding=\"async\" width=\"940\" height=\"788\" src=\"https:\/\/anpaveleirodocampo.eu\/wp-content\/uploads\/2025\/12\/WhatsApp-Image-2025-12-08-at-18.37.21.jpeg\" alt=\"\" class=\"wp-image-318\" srcset=\"https:\/\/anpaveleirodocampo.eu\/wp-content\/uploads\/2025\/12\/WhatsApp-Image-2025-12-08-at-18.37.21.jpeg 940w, https:\/\/anpaveleirodocampo.eu\/wp-content\/uploads\/2025\/12\/WhatsApp-Image-2025-12-08-at-18.37.21-300x251.jpeg 300w, https:\/\/anpaveleirodocampo.eu\/wp-content\/uploads\/2025\/12\/WhatsApp-Image-2025-12-08-at-18.37.21-768x644.jpeg 768w\" sizes=\"auto, (max-width: 940px) 100vw, 940px\" \/><\/figure>\n\n\n\n<p>\ud83c\udfad CACHOPO M\u00c1XICO \ud83c\udfad<\/p>\n\n\n\n<p>A Anpa trae a Lilateatro con Cachopo M\u00e1xico.<\/p>\n\n\n\n<p>Unha interpretaci\u00f3n do Nadal dende a perspectiva dos costumes galegos m\u00e1is antigos, que cuestiona a influencia da modernidade sobre a cultura popular e reinvindica aqueles bos saberes ancestrais.<\/p>\n\n\n\n<p>\ud83d\udcc6 Domingo 21 Decembro<\/p>\n\n\n\n<p>\ud83d\udd52 12:30<\/p>\n\n\n\n<p>\ud83d\udc49\ud83c\udffb Todos os p\u00fablicos, non necesaria inscrici\u00f3n<\/p>\n\n\n\n<p>\ud83d\udcb4 De balde<\/p>\n\n\n\n<p>\ud83d\udccdCasa da Cultura, Castro Ribeiras de Lea<\/p>\n\n\n\n<p>\ud83d\ude4c Programa movete 2025 (Actividades do Nadal). \u00c1rea de Cultura da Vicepresidencia da Deputaci\u00f3n de Lugo.<\/p>\n","protected":false},"excerpt":{"rendered":"<p>\ud83c\udfad CACHOPO M\u00c1XICO \ud83c\udfad A Anpa trae a Lilateatro con Cachopo M\u00e1xico. Unha interpretaci\u00f3n do Nadal dende a perspectiva dos costumes galegos m\u00e1is antigos, que cuestiona a influencia da modernidade sobre a cultura popular e reinvindica aqueles bos saberes ancestrais. \ud83d\udcc6 Domingo 21 Decembro \ud83d\udd52 12:30 \ud83d\udc49\ud83c\udffb Todos os p\u00fablicos, non necesaria inscrici\u00f3n \ud83d\udcb4 De [&hellip;]<\/p>\n","protected":false},"author":1,"featured_media":0,"comment_status":"open","ping_status":"open","sticky":false,"template":"","format":"standard","meta":{"footnotes":""},"categories":[1],"tags":[],"class_list":["post-317","post","type-post","status-publish","format-standard","hentry","category-uncategorized"],"_links":{"self":[{"href":"https:\/\/anpaveleirodocampo.eu\/index.php\/wp-json\/wp\/v2\/posts\/317","targetHints":{"allow":["GET"]}}],"collection":[{"href":"https:\/\/anpaveleirodocampo.eu\/index.php\/wp-json\/wp\/v2\/posts"}],"about":[{"href":"https:\/\/anpaveleirodocampo.eu\/index.php\/wp-json\/wp\/v2\/types\/post"}],"author":[{"embeddable":true,"href":"https:\/\/anpaveleirodocampo.eu\/index.php\/wp-json\/wp\/v2\/users\/1"}],"replies":[{"embeddable":true,"href":"https:\/\/anpaveleirodocampo.eu\/index.php\/wp-json\/wp\/v2\/comments?post=317"}],"version-history":[{"count":1,"href":"https:\/\/anpaveleirodocampo.eu\/index.php\/wp-json\/wp\/v2\/posts\/317\/revisions"}],"predecessor-version":[{"id":319,"href":"https:\/\/anpaveleirodocampo.eu\/index.php\/wp-json\/wp\/v2\/posts\/317\/revisions\/319"}],"wp:attachment":[{"href":"https:\/\/anpaveleirodocampo.eu\/index.php\/wp-json\/wp\/v2\/media?parent=317"}],"wp:term":[{"taxonomy":"category","embeddable":true,"href":"https:\/\/anpaveleirodocampo.eu\/index.php\/wp-json\/wp\/v2\/categories?post=317"},{"taxonomy":"post_tag","embeddable":true,"href":"https:\/\/anpaveleirodocampo.eu\/index.php\/wp-json\/wp\/v2\/tags?post=317"}],"curies":[{"name":"wp","href":"https:\/\/api.w.org\/{rel}","templated":true}]}}