{"id":275,"date":"2025-11-08T18:56:52","date_gmt":"2025-11-08T18:56:52","guid":{"rendered":"https:\/\/anpaveleirodocampo.eu\/?p=275"},"modified":"2025-11-08T18:56:52","modified_gmt":"2025-11-08T18:56:52","slug":"educacion-en-igualdade-2","status":"publish","type":"post","link":"https:\/\/anpaveleirodocampo.eu\/index.php\/2025\/11\/08\/educacion-en-igualdade-2\/","title":{"rendered":"Educaci\u00f3n en igualdade"},"content":{"rendered":"\n<p>Este ano a Anpa foi beneficiaria da subvenci\u00f3n de Igualdade, impulsada pola Secretar\u00eda Xeral de Igualdade da Xunta de Galicia e financiada en desenvolvemento do Pacto do Estado contra a Violencia de X\u00e9nero.<\/p>\n\n\n\n<p>O alumnado foi beneficiario de obradoiros de igualdaldade, con actividades coeducativas a trav\u00e9s do teatro e a radio.<\/p>\n\n\n\n<p>Este foi o caso dos nenos\/as de 6\u00ba EP (dos que se adxuntan imaxes), que se converteron en locutores para traballar a igualdade de x\u00e9nero dun xeito divertido e concienciador.<\/p>\n\n\n\n<p> O alumnado fixo un traballo incrible gravando un programa onde, de forma l\u00fadica e divertida, puxeron a cero os estereotipos de x\u00e9nero e dixeron NON \u00e1 violencia de x\u00e9nero.<\/p>\n\n\n\n<p>As familias tam\u00e9n puideron beneficiarse dunha charla online de educaci\u00f3n en igualdade, impartida por Pilar Corral.<\/p>\n\n\n\n<figure class=\"wp-block-image size-large wp-duotone-unset-1\"><img loading=\"lazy\" decoding=\"async\" width=\"1024\" height=\"768\" src=\"https:\/\/anpaveleirodocampo.eu\/wp-content\/uploads\/2025\/11\/WhatsApp-Image-2025-11-08-at-19.44.13-1024x768.jpeg\" alt=\"\" class=\"wp-image-281\" srcset=\"https:\/\/anpaveleirodocampo.eu\/wp-content\/uploads\/2025\/11\/WhatsApp-Image-2025-11-08-at-19.44.13-1024x768.jpeg 1024w, https:\/\/anpaveleirodocampo.eu\/wp-content\/uploads\/2025\/11\/WhatsApp-Image-2025-11-08-at-19.44.13-300x225.jpeg 300w, https:\/\/anpaveleirodocampo.eu\/wp-content\/uploads\/2025\/11\/WhatsApp-Image-2025-11-08-at-19.44.13-768x576.jpeg 768w, https:\/\/anpaveleirodocampo.eu\/wp-content\/uploads\/2025\/11\/WhatsApp-Image-2025-11-08-at-19.44.13-1536x1152.jpeg 1536w, https:\/\/anpaveleirodocampo.eu\/wp-content\/uploads\/2025\/11\/WhatsApp-Image-2025-11-08-at-19.44.13.jpeg 1600w\" sizes=\"auto, (max-width: 1024px) 100vw, 1024px\" \/><\/figure>\n\n\n\n<figure class=\"wp-block-image size-large wp-duotone-unset-2\"><img loading=\"lazy\" decoding=\"async\" width=\"1024\" height=\"768\" src=\"https:\/\/anpaveleirodocampo.eu\/wp-content\/uploads\/2025\/11\/WhatsApp-Image-2025-11-08-at-19.44.12-2-1024x768.jpeg\" alt=\"\" class=\"wp-image-282\" srcset=\"https:\/\/anpaveleirodocampo.eu\/wp-content\/uploads\/2025\/11\/WhatsApp-Image-2025-11-08-at-19.44.12-2-1024x768.jpeg 1024w, https:\/\/anpaveleirodocampo.eu\/wp-content\/uploads\/2025\/11\/WhatsApp-Image-2025-11-08-at-19.44.12-2-300x225.jpeg 300w, https:\/\/anpaveleirodocampo.eu\/wp-content\/uploads\/2025\/11\/WhatsApp-Image-2025-11-08-at-19.44.12-2-768x576.jpeg 768w, https:\/\/anpaveleirodocampo.eu\/wp-content\/uploads\/2025\/11\/WhatsApp-Image-2025-11-08-at-19.44.12-2-1536x1152.jpeg 1536w, https:\/\/anpaveleirodocampo.eu\/wp-content\/uploads\/2025\/11\/WhatsApp-Image-2025-11-08-at-19.44.12-2.jpeg 1600w\" sizes=\"auto, (max-width: 1024px) 100vw, 1024px\" \/><\/figure>\n\n\n\n<figure class=\"wp-block-image size-large wp-duotone-unset-3\"><img loading=\"lazy\" decoding=\"async\" width=\"1024\" height=\"768\" src=\"https:\/\/anpaveleirodocampo.eu\/wp-content\/uploads\/2025\/11\/WhatsApp-Image-2025-11-08-at-19.44.11-1-1024x768.jpeg\" alt=\"\" class=\"wp-image-283\" srcset=\"https:\/\/anpaveleirodocampo.eu\/wp-content\/uploads\/2025\/11\/WhatsApp-Image-2025-11-08-at-19.44.11-1-1024x768.jpeg 1024w, https:\/\/anpaveleirodocampo.eu\/wp-content\/uploads\/2025\/11\/WhatsApp-Image-2025-11-08-at-19.44.11-1-300x225.jpeg 300w, https:\/\/anpaveleirodocampo.eu\/wp-content\/uploads\/2025\/11\/WhatsApp-Image-2025-11-08-at-19.44.11-1-768x576.jpeg 768w, https:\/\/anpaveleirodocampo.eu\/wp-content\/uploads\/2025\/11\/WhatsApp-Image-2025-11-08-at-19.44.11-1-1536x1152.jpeg 1536w, https:\/\/anpaveleirodocampo.eu\/wp-content\/uploads\/2025\/11\/WhatsApp-Image-2025-11-08-at-19.44.11-1.jpeg 1600w\" sizes=\"auto, (max-width: 1024px) 100vw, 1024px\" \/><\/figure>\n\n\n\n<figure class=\"wp-block-image size-large wp-duotone-unset-4\"><img loading=\"lazy\" decoding=\"async\" width=\"1024\" height=\"151\" src=\"https:\/\/anpaveleirodocampo.eu\/wp-content\/uploads\/2025\/11\/WhatsApp-Image-2025-11-08-at-19.44.12-1-1024x151.jpeg\" alt=\"\" class=\"wp-image-284\" srcset=\"https:\/\/anpaveleirodocampo.eu\/wp-content\/uploads\/2025\/11\/WhatsApp-Image-2025-11-08-at-19.44.12-1-1024x151.jpeg 1024w, https:\/\/anpaveleirodocampo.eu\/wp-content\/uploads\/2025\/11\/WhatsApp-Image-2025-11-08-at-19.44.12-1-300x44.jpeg 300w, https:\/\/anpaveleirodocampo.eu\/wp-content\/uploads\/2025\/11\/WhatsApp-Image-2025-11-08-at-19.44.12-1-768x113.jpeg 768w, https:\/\/anpaveleirodocampo.eu\/wp-content\/uploads\/2025\/11\/WhatsApp-Image-2025-11-08-at-19.44.12-1.jpeg 1122w\" sizes=\"auto, (max-width: 1024px) 100vw, 1024px\" \/><\/figure>\n\n\n\n<figure class=\"wp-block-image size-large wp-duotone-unset-5\"><img loading=\"lazy\" decoding=\"async\" width=\"1024\" height=\"768\" src=\"https:\/\/anpaveleirodocampo.eu\/wp-content\/uploads\/2025\/11\/WhatsApp-Image-2025-11-08-at-19.44.12-1024x768.jpeg\" alt=\"\" class=\"wp-image-286\" srcset=\"https:\/\/anpaveleirodocampo.eu\/wp-content\/uploads\/2025\/11\/WhatsApp-Image-2025-11-08-at-19.44.12-1024x768.jpeg 1024w, https:\/\/anpaveleirodocampo.eu\/wp-content\/uploads\/2025\/11\/WhatsApp-Image-2025-11-08-at-19.44.12-300x225.jpeg 300w, https:\/\/anpaveleirodocampo.eu\/wp-content\/uploads\/2025\/11\/WhatsApp-Image-2025-11-08-at-19.44.12-768x576.jpeg 768w, https:\/\/anpaveleirodocampo.eu\/wp-content\/uploads\/2025\/11\/WhatsApp-Image-2025-11-08-at-19.44.12-1536x1152.jpeg 1536w, https:\/\/anpaveleirodocampo.eu\/wp-content\/uploads\/2025\/11\/WhatsApp-Image-2025-11-08-at-19.44.12.jpeg 1600w\" sizes=\"auto, (max-width: 1024px) 100vw, 1024px\" \/><\/figure>\n\n\n\n<figure class=\"wp-block-image size-large wp-duotone-unset-6\"><img loading=\"lazy\" decoding=\"async\" width=\"1024\" height=\"768\" src=\"https:\/\/anpaveleirodocampo.eu\/wp-content\/uploads\/2025\/11\/WhatsApp-Image-2025-11-08-at-19.53.44-1024x768.jpeg\" alt=\"\" class=\"wp-image-287\" srcset=\"https:\/\/anpaveleirodocampo.eu\/wp-content\/uploads\/2025\/11\/WhatsApp-Image-2025-11-08-at-19.53.44-1024x768.jpeg 1024w, https:\/\/anpaveleirodocampo.eu\/wp-content\/uploads\/2025\/11\/WhatsApp-Image-2025-11-08-at-19.53.44-300x225.jpeg 300w, https:\/\/anpaveleirodocampo.eu\/wp-content\/uploads\/2025\/11\/WhatsApp-Image-2025-11-08-at-19.53.44-768x576.jpeg 768w, https:\/\/anpaveleirodocampo.eu\/wp-content\/uploads\/2025\/11\/WhatsApp-Image-2025-11-08-at-19.53.44-1536x1152.jpeg 1536w, https:\/\/anpaveleirodocampo.eu\/wp-content\/uploads\/2025\/11\/WhatsApp-Image-2025-11-08-at-19.53.44.jpeg 1600w\" sizes=\"auto, (max-width: 1024px) 100vw, 1024px\" \/><\/figure>\n\n\n\n<p><\/p>\n","protected":false},"excerpt":{"rendered":"<p>Este ano a Anpa foi beneficiaria da subvenci\u00f3n de Igualdade, impulsada pola Secretar\u00eda Xeral de Igualdade da Xunta de Galicia e financiada en desenvolvemento do Pacto do Estado contra a Violencia de X\u00e9nero. O alumnado foi beneficiario de obradoiros de igualdaldade, con actividades coeducativas a trav\u00e9s do teatro e a radio. Este foi o caso [&hellip;]<\/p>\n","protected":false},"author":1,"featured_media":0,"comment_status":"open","ping_status":"open","sticky":false,"template":"","format":"standard","meta":{"footnotes":""},"categories":[1],"tags":[],"class_list":["post-275","post","type-post","status-publish","format-standard","hentry","category-uncategorized"],"_links":{"self":[{"href":"https:\/\/anpaveleirodocampo.eu\/index.php\/wp-json\/wp\/v2\/posts\/275","targetHints":{"allow":["GET"]}}],"collection":[{"href":"https:\/\/anpaveleirodocampo.eu\/index.php\/wp-json\/wp\/v2\/posts"}],"about":[{"href":"https:\/\/anpaveleirodocampo.eu\/index.php\/wp-json\/wp\/v2\/types\/post"}],"author":[{"embeddable":true,"href":"https:\/\/anpaveleirodocampo.eu\/index.php\/wp-json\/wp\/v2\/users\/1"}],"replies":[{"embeddable":true,"href":"https:\/\/anpaveleirodocampo.eu\/index.php\/wp-json\/wp\/v2\/comments?post=275"}],"version-history":[{"count":1,"href":"https:\/\/anpaveleirodocampo.eu\/index.php\/wp-json\/wp\/v2\/posts\/275\/revisions"}],"predecessor-version":[{"id":288,"href":"https:\/\/anpaveleirodocampo.eu\/index.php\/wp-json\/wp\/v2\/posts\/275\/revisions\/288"}],"wp:attachment":[{"href":"https:\/\/anpaveleirodocampo.eu\/index.php\/wp-json\/wp\/v2\/media?parent=275"}],"wp:term":[{"taxonomy":"category","embeddable":true,"href":"https:\/\/anpaveleirodocampo.eu\/index.php\/wp-json\/wp\/v2\/categories?post=275"},{"taxonomy":"post_tag","embeddable":true,"href":"https:\/\/anpaveleirodocampo.eu\/index.php\/wp-json\/wp\/v2\/tags?post=275"}],"curies":[{"name":"wp","href":"https:\/\/api.w.org\/{rel}","templated":true}]}}