{"id":251,"date":"2025-10-22T17:17:42","date_gmt":"2025-10-22T17:17:42","guid":{"rendered":"https:\/\/anpaveleirodocampo.eu\/?p=251"},"modified":"2025-10-22T17:22:27","modified_gmt":"2025-10-22T17:22:27","slug":"da-escola-a-granxa-un-ano-mais","status":"publish","type":"post","link":"https:\/\/anpaveleirodocampo.eu\/index.php\/2025\/10\/22\/da-escola-a-granxa-un-ano-mais\/","title":{"rendered":"Da Escola \u00e1 Granxa. Un ano m\u00e1is!"},"content":{"rendered":"\n<p>Todos os nenos e nenas de primaria, tiveron excursi\u00f3ns, grazas ao programa \u201cDa Escola \u00e1 Granxa\u201d*, subvencionado pola \u00c1rea de Medio Rural da Deputaci\u00f3n Provincial de Lugo, que os levou a co\u00f1ecer lugares fant\u00e1sticos!<\/p>\n\n\n\n<p>Durante os diferentes d\u00edas de sa\u00edda, os nosos pequenos exploradores tiveron a oportunidade de visitar:<\/p>\n\n\n\n<p><img loading=\"lazy\" decoding=\"async\" height=\"16\" width=\"16\" src=\"https:\/\/static.xx.fbcdn.net\/images\/emoji.php\/v9\/t2d\/1\/16\/1f4cd.png\" alt=\"\ud83d\udccd\"> MUVICLA (L\u00e1ncara)<\/p>\n\n\n\n<p><img loading=\"lazy\" decoding=\"async\" height=\"16\" width=\"16\" src=\"https:\/\/static.xx.fbcdn.net\/images\/emoji.php\/v9\/t2d\/1\/16\/1f4cd.png\" alt=\"\ud83d\udccd\"> OS ARROXOS (Castro de Rei)<\/p>\n\n\n\n<p><img loading=\"lazy\" decoding=\"async\" height=\"16\" width=\"16\" src=\"https:\/\/static.xx.fbcdn.net\/images\/emoji.php\/v9\/t2d\/1\/16\/1f4cd.png\" alt=\"\ud83d\udccd\"> FOGARES E APOIO AO MENOR LAR (Muimenta)<\/p>\n\n\n\n<p><img loading=\"lazy\" decoding=\"async\" height=\"16\" width=\"16\" src=\"https:\/\/static.xx.fbcdn.net\/images\/emoji.php\/v9\/t2d\/1\/16\/1f4cd.png\" alt=\"\ud83d\udccd\"> TRALOAGRO (Friol)<\/p>\n\n\n\n<p>A diversi\u00f3n e a aprendizaxe estiveron aseguradas en cada parada! Os nenos e nenas pas\u00e1rono en grande, levando para casa recordos inesquecibles.<\/p>\n\n\n\n<p>Grazas, de coraz\u00f3n, ao programa \u201cDa Escola \u00e1 Granxa\u201d, por facer posible esta aventura!<\/p>\n\n\n\n<p><img loading=\"lazy\" decoding=\"async\" height=\"16\" width=\"16\" alt=\"\ud83d\udc4f\" src=\"https:\/\/static.xx.fbcdn.net\/images\/emoji.php\/v9\/tfe\/1\/16\/1f44f.png\"> Esperamos con ilusi\u00f3n poder repetir esta marabillosa experiencia o ano que v\u00e9n!<\/p>\n\n\n\n<figure class=\"wp-block-gallery has-nested-images columns-default is-cropped wp-block-gallery-11 is-layout-flex wp-block-gallery-is-layout-flex\">\n<figure class=\"wp-block-image size-large wp-duotone-unset-1\"><img loading=\"lazy\" decoding=\"async\" width=\"1024\" height=\"768\" data-id=\"253\" src=\"https:\/\/anpaveleirodocampo.eu\/wp-content\/uploads\/2025\/10\/WhatsApp-Image-2025-10-21-at-22.41.16-1024x768.jpeg\" alt=\"\" class=\"wp-image-253\" srcset=\"https:\/\/anpaveleirodocampo.eu\/wp-content\/uploads\/2025\/10\/WhatsApp-Image-2025-10-21-at-22.41.16-1024x768.jpeg 1024w, https:\/\/anpaveleirodocampo.eu\/wp-content\/uploads\/2025\/10\/WhatsApp-Image-2025-10-21-at-22.41.16-300x225.jpeg 300w, https:\/\/anpaveleirodocampo.eu\/wp-content\/uploads\/2025\/10\/WhatsApp-Image-2025-10-21-at-22.41.16-768x576.jpeg 768w, https:\/\/anpaveleirodocampo.eu\/wp-content\/uploads\/2025\/10\/WhatsApp-Image-2025-10-21-at-22.41.16-1536x1152.jpeg 1536w, https:\/\/anpaveleirodocampo.eu\/wp-content\/uploads\/2025\/10\/WhatsApp-Image-2025-10-21-at-22.41.16.jpeg 1600w\" sizes=\"auto, (max-width: 1024px) 100vw, 1024px\" \/><\/figure>\n\n\n\n<figure class=\"wp-block-image size-large wp-duotone-unset-2\"><img loading=\"lazy\" decoding=\"async\" width=\"1024\" height=\"745\" data-id=\"258\" src=\"https:\/\/anpaveleirodocampo.eu\/wp-content\/uploads\/2025\/10\/WhatsApp-Image-2025-10-21-at-22.37.39-1024x745.jpeg\" alt=\"\" class=\"wp-image-258\" srcset=\"https:\/\/anpaveleirodocampo.eu\/wp-content\/uploads\/2025\/10\/WhatsApp-Image-2025-10-21-at-22.37.39-1024x745.jpeg 1024w, https:\/\/anpaveleirodocampo.eu\/wp-content\/uploads\/2025\/10\/WhatsApp-Image-2025-10-21-at-22.37.39-300x218.jpeg 300w, https:\/\/anpaveleirodocampo.eu\/wp-content\/uploads\/2025\/10\/WhatsApp-Image-2025-10-21-at-22.37.39-768x559.jpeg 768w, https:\/\/anpaveleirodocampo.eu\/wp-content\/uploads\/2025\/10\/WhatsApp-Image-2025-10-21-at-22.37.39-1536x1118.jpeg 1536w, https:\/\/anpaveleirodocampo.eu\/wp-content\/uploads\/2025\/10\/WhatsApp-Image-2025-10-21-at-22.37.39.jpeg 2048w\" sizes=\"auto, (max-width: 1024px) 100vw, 1024px\" \/><\/figure>\n\n\n\n<figure class=\"wp-block-image size-large wp-duotone-unset-3\"><img loading=\"lazy\" decoding=\"async\" width=\"1024\" height=\"819\" data-id=\"260\" src=\"https:\/\/anpaveleirodocampo.eu\/wp-content\/uploads\/2025\/10\/WhatsApp-Image-2025-10-21-at-22.33.09-1024x819.jpeg\" alt=\"\" class=\"wp-image-260\" srcset=\"https:\/\/anpaveleirodocampo.eu\/wp-content\/uploads\/2025\/10\/WhatsApp-Image-2025-10-21-at-22.33.09-1024x819.jpeg 1024w, https:\/\/anpaveleirodocampo.eu\/wp-content\/uploads\/2025\/10\/WhatsApp-Image-2025-10-21-at-22.33.09-300x240.jpeg 300w, https:\/\/anpaveleirodocampo.eu\/wp-content\/uploads\/2025\/10\/WhatsApp-Image-2025-10-21-at-22.33.09-768x614.jpeg 768w, https:\/\/anpaveleirodocampo.eu\/wp-content\/uploads\/2025\/10\/WhatsApp-Image-2025-10-21-at-22.33.09-1536x1229.jpeg 1536w, https:\/\/anpaveleirodocampo.eu\/wp-content\/uploads\/2025\/10\/WhatsApp-Image-2025-10-21-at-22.33.09.jpeg 1890w\" sizes=\"auto, (max-width: 1024px) 100vw, 1024px\" \/><\/figure>\n\n\n\n<figure class=\"wp-block-image size-large wp-duotone-unset-4\"><img loading=\"lazy\" decoding=\"async\" width=\"768\" height=\"1024\" data-id=\"255\" src=\"https:\/\/anpaveleirodocampo.eu\/wp-content\/uploads\/2025\/10\/WhatsApp-Image-2025-10-21-at-21.19.23-768x1024.jpeg\" alt=\"\" class=\"wp-image-255\" srcset=\"https:\/\/anpaveleirodocampo.eu\/wp-content\/uploads\/2025\/10\/WhatsApp-Image-2025-10-21-at-21.19.23-768x1024.jpeg 768w, https:\/\/anpaveleirodocampo.eu\/wp-content\/uploads\/2025\/10\/WhatsApp-Image-2025-10-21-at-21.19.23-225x300.jpeg 225w, https:\/\/anpaveleirodocampo.eu\/wp-content\/uploads\/2025\/10\/WhatsApp-Image-2025-10-21-at-21.19.23-1152x1536.jpeg 1152w, https:\/\/anpaveleirodocampo.eu\/wp-content\/uploads\/2025\/10\/WhatsApp-Image-2025-10-21-at-21.19.23.jpeg 1200w\" sizes=\"auto, (max-width: 768px) 100vw, 768px\" \/><\/figure>\n\n\n\n<figure class=\"wp-block-image size-large wp-duotone-unset-5\"><img loading=\"lazy\" decoding=\"async\" width=\"1024\" height=\"768\" data-id=\"257\" src=\"https:\/\/anpaveleirodocampo.eu\/wp-content\/uploads\/2025\/10\/WhatsApp-Image-2025-10-21-at-21.19.04-1024x768.jpeg\" alt=\"\" class=\"wp-image-257\" srcset=\"https:\/\/anpaveleirodocampo.eu\/wp-content\/uploads\/2025\/10\/WhatsApp-Image-2025-10-21-at-21.19.04-1024x768.jpeg 1024w, https:\/\/anpaveleirodocampo.eu\/wp-content\/uploads\/2025\/10\/WhatsApp-Image-2025-10-21-at-21.19.04-300x225.jpeg 300w, https:\/\/anpaveleirodocampo.eu\/wp-content\/uploads\/2025\/10\/WhatsApp-Image-2025-10-21-at-21.19.04-768x576.jpeg 768w, https:\/\/anpaveleirodocampo.eu\/wp-content\/uploads\/2025\/10\/WhatsApp-Image-2025-10-21-at-21.19.04-1536x1152.jpeg 1536w, https:\/\/anpaveleirodocampo.eu\/wp-content\/uploads\/2025\/10\/WhatsApp-Image-2025-10-21-at-21.19.04.jpeg 1600w\" sizes=\"auto, (max-width: 1024px) 100vw, 1024px\" \/><\/figure>\n\n\n\n<figure class=\"wp-block-image size-large wp-duotone-unset-6\"><img loading=\"lazy\" decoding=\"async\" width=\"1024\" height=\"768\" data-id=\"261\" src=\"https:\/\/anpaveleirodocampo.eu\/wp-content\/uploads\/2025\/10\/WhatsApp-Image-2025-10-21-at-21.18.53-1024x768.jpeg\" alt=\"\" class=\"wp-image-261\" srcset=\"https:\/\/anpaveleirodocampo.eu\/wp-content\/uploads\/2025\/10\/WhatsApp-Image-2025-10-21-at-21.18.53-1024x768.jpeg 1024w, https:\/\/anpaveleirodocampo.eu\/wp-content\/uploads\/2025\/10\/WhatsApp-Image-2025-10-21-at-21.18.53-300x225.jpeg 300w, https:\/\/anpaveleirodocampo.eu\/wp-content\/uploads\/2025\/10\/WhatsApp-Image-2025-10-21-at-21.18.53-768x576.jpeg 768w, https:\/\/anpaveleirodocampo.eu\/wp-content\/uploads\/2025\/10\/WhatsApp-Image-2025-10-21-at-21.18.53-1536x1152.jpeg 1536w, https:\/\/anpaveleirodocampo.eu\/wp-content\/uploads\/2025\/10\/WhatsApp-Image-2025-10-21-at-21.18.53.jpeg 1600w\" sizes=\"auto, (max-width: 1024px) 100vw, 1024px\" \/><\/figure>\n\n\n\n<figure class=\"wp-block-image size-large wp-duotone-unset-7\"><img loading=\"lazy\" decoding=\"async\" width=\"1024\" height=\"768\" data-id=\"256\" src=\"https:\/\/anpaveleirodocampo.eu\/wp-content\/uploads\/2025\/10\/WhatsApp-Image-2025-10-21-at-21.18.52-1024x768.jpeg\" alt=\"\" class=\"wp-image-256\" srcset=\"https:\/\/anpaveleirodocampo.eu\/wp-content\/uploads\/2025\/10\/WhatsApp-Image-2025-10-21-at-21.18.52-1024x768.jpeg 1024w, https:\/\/anpaveleirodocampo.eu\/wp-content\/uploads\/2025\/10\/WhatsApp-Image-2025-10-21-at-21.18.52-300x225.jpeg 300w, https:\/\/anpaveleirodocampo.eu\/wp-content\/uploads\/2025\/10\/WhatsApp-Image-2025-10-21-at-21.18.52-768x576.jpeg 768w, https:\/\/anpaveleirodocampo.eu\/wp-content\/uploads\/2025\/10\/WhatsApp-Image-2025-10-21-at-21.18.52-1536x1152.jpeg 1536w, https:\/\/anpaveleirodocampo.eu\/wp-content\/uploads\/2025\/10\/WhatsApp-Image-2025-10-21-at-21.18.52.jpeg 1600w\" sizes=\"auto, (max-width: 1024px) 100vw, 1024px\" \/><\/figure>\n\n\n\n<figure class=\"wp-block-image size-large wp-duotone-unset-8\"><img loading=\"lazy\" decoding=\"async\" width=\"768\" height=\"1024\" data-id=\"252\" src=\"https:\/\/anpaveleirodocampo.eu\/wp-content\/uploads\/2025\/10\/WhatsApp-Image-2025-10-21-at-21.15.41-768x1024.jpeg\" alt=\"\" class=\"wp-image-252\" srcset=\"https:\/\/anpaveleirodocampo.eu\/wp-content\/uploads\/2025\/10\/WhatsApp-Image-2025-10-21-at-21.15.41-768x1024.jpeg 768w, https:\/\/anpaveleirodocampo.eu\/wp-content\/uploads\/2025\/10\/WhatsApp-Image-2025-10-21-at-21.15.41-225x300.jpeg 225w, https:\/\/anpaveleirodocampo.eu\/wp-content\/uploads\/2025\/10\/WhatsApp-Image-2025-10-21-at-21.15.41-1152x1536.jpeg 1152w, https:\/\/anpaveleirodocampo.eu\/wp-content\/uploads\/2025\/10\/WhatsApp-Image-2025-10-21-at-21.15.41.jpeg 1200w\" sizes=\"auto, (max-width: 768px) 100vw, 768px\" \/><\/figure>\n\n\n\n<figure class=\"wp-block-image size-large wp-duotone-unset-9\"><img loading=\"lazy\" decoding=\"async\" width=\"1024\" height=\"768\" data-id=\"259\" src=\"https:\/\/anpaveleirodocampo.eu\/wp-content\/uploads\/2025\/10\/WhatsApp-Image-2025-10-21-at-21.15.412-1024x768.jpeg\" alt=\"\" class=\"wp-image-259\" srcset=\"https:\/\/anpaveleirodocampo.eu\/wp-content\/uploads\/2025\/10\/WhatsApp-Image-2025-10-21-at-21.15.412-1024x768.jpeg 1024w, https:\/\/anpaveleirodocampo.eu\/wp-content\/uploads\/2025\/10\/WhatsApp-Image-2025-10-21-at-21.15.412-300x225.jpeg 300w, https:\/\/anpaveleirodocampo.eu\/wp-content\/uploads\/2025\/10\/WhatsApp-Image-2025-10-21-at-21.15.412-768x576.jpeg 768w, https:\/\/anpaveleirodocampo.eu\/wp-content\/uploads\/2025\/10\/WhatsApp-Image-2025-10-21-at-21.15.412-1536x1152.jpeg 1536w, https:\/\/anpaveleirodocampo.eu\/wp-content\/uploads\/2025\/10\/WhatsApp-Image-2025-10-21-at-21.15.412.jpeg 1600w\" sizes=\"auto, (max-width: 1024px) 100vw, 1024px\" \/><\/figure>\n\n\n\n<figure class=\"wp-block-image size-large wp-duotone-unset-10\"><img loading=\"lazy\" decoding=\"async\" width=\"999\" height=\"1024\" data-id=\"254\" src=\"https:\/\/anpaveleirodocampo.eu\/wp-content\/uploads\/2025\/10\/WhatsApp-Image-2025-10-21-at-22.33.44-999x1024.jpeg\" alt=\"\" class=\"wp-image-254\" srcset=\"https:\/\/anpaveleirodocampo.eu\/wp-content\/uploads\/2025\/10\/WhatsApp-Image-2025-10-21-at-22.33.44-999x1024.jpeg 999w, https:\/\/anpaveleirodocampo.eu\/wp-content\/uploads\/2025\/10\/WhatsApp-Image-2025-10-21-at-22.33.44-293x300.jpeg 293w, https:\/\/anpaveleirodocampo.eu\/wp-content\/uploads\/2025\/10\/WhatsApp-Image-2025-10-21-at-22.33.44-768x788.jpeg 768w, https:\/\/anpaveleirodocampo.eu\/wp-content\/uploads\/2025\/10\/WhatsApp-Image-2025-10-21-at-22.33.44-1498x1536.jpeg 1498w, https:\/\/anpaveleirodocampo.eu\/wp-content\/uploads\/2025\/10\/WhatsApp-Image-2025-10-21-at-22.33.44.jpeg 1997w\" sizes=\"auto, (max-width: 999px) 100vw, 999px\" \/><\/figure>\n<\/figure>\n\n\n\n<p>*O programa Da Escola \u00e1 Granxa foi xestionado pola ANPA en colaboraci\u00f3n co CEIP Veleiro Docampo e grazas ao apoio econ\u00f3mico da Deputaci\u00f3n de Lugo.<\/p>\n\n\n\n<figure class=\"wp-block-image size-full is-resized wp-duotone-unset-12\"><img loading=\"lazy\" decoding=\"async\" width=\"316\" height=\"91\" src=\"https:\/\/anpaveleirodocampo.eu\/wp-content\/uploads\/2025\/10\/Captura-de-ecra-de-2025-10-22-19-16-04.png\" alt=\"\" class=\"wp-image-262\" style=\"width:233px;height:auto\" srcset=\"https:\/\/anpaveleirodocampo.eu\/wp-content\/uploads\/2025\/10\/Captura-de-ecra-de-2025-10-22-19-16-04.png 316w, https:\/\/anpaveleirodocampo.eu\/wp-content\/uploads\/2025\/10\/Captura-de-ecra-de-2025-10-22-19-16-04-300x86.png 300w\" sizes=\"auto, (max-width: 316px) 100vw, 316px\" \/><\/figure>\n\n\n\n<p><\/p>\n","protected":false},"excerpt":{"rendered":"<p>Todos os nenos e nenas de primaria, tiveron excursi\u00f3ns, grazas ao programa \u201cDa Escola \u00e1 Granxa\u201d*, subvencionado pola \u00c1rea de Medio Rural da Deputaci\u00f3n Provincial de Lugo, que os levou a co\u00f1ecer lugares fant\u00e1sticos! Durante os diferentes d\u00edas de sa\u00edda, os nosos pequenos exploradores tiveron a oportunidade de visitar: MUVICLA (L\u00e1ncara) OS ARROXOS (Castro de [&hellip;]<\/p>\n","protected":false},"author":1,"featured_media":0,"comment_status":"open","ping_status":"open","sticky":false,"template":"","format":"standard","meta":{"footnotes":""},"categories":[1],"tags":[21,10,20],"class_list":["post-251","post","type-post","status-publish","format-standard","hentry","category-uncategorized","tag-area-de-medio-rural","tag-da-escola-a-granxa","tag-deputacion-de-lugo"],"_links":{"self":[{"href":"https:\/\/anpaveleirodocampo.eu\/index.php\/wp-json\/wp\/v2\/posts\/251","targetHints":{"allow":["GET"]}}],"collection":[{"href":"https:\/\/anpaveleirodocampo.eu\/index.php\/wp-json\/wp\/v2\/posts"}],"about":[{"href":"https:\/\/anpaveleirodocampo.eu\/index.php\/wp-json\/wp\/v2\/types\/post"}],"author":[{"embeddable":true,"href":"https:\/\/anpaveleirodocampo.eu\/index.php\/wp-json\/wp\/v2\/users\/1"}],"replies":[{"embeddable":true,"href":"https:\/\/anpaveleirodocampo.eu\/index.php\/wp-json\/wp\/v2\/comments?post=251"}],"version-history":[{"count":3,"href":"https:\/\/anpaveleirodocampo.eu\/index.php\/wp-json\/wp\/v2\/posts\/251\/revisions"}],"predecessor-version":[{"id":266,"href":"https:\/\/anpaveleirodocampo.eu\/index.php\/wp-json\/wp\/v2\/posts\/251\/revisions\/266"}],"wp:attachment":[{"href":"https:\/\/anpaveleirodocampo.eu\/index.php\/wp-json\/wp\/v2\/media?parent=251"}],"wp:term":[{"taxonomy":"category","embeddable":true,"href":"https:\/\/anpaveleirodocampo.eu\/index.php\/wp-json\/wp\/v2\/categories?post=251"},{"taxonomy":"post_tag","embeddable":true,"href":"https:\/\/anpaveleirodocampo.eu\/index.php\/wp-json\/wp\/v2\/tags?post=251"}],"curies":[{"name":"wp","href":"https:\/\/api.w.org\/{rel}","templated":true}]}}