{"id":25,"date":"2024-09-04T18:15:19","date_gmt":"2024-09-04T18:15:19","guid":{"rendered":"http:\/\/anpaveleirodocampo.eu\/?p=25"},"modified":"2024-09-04T18:16:07","modified_gmt":"2024-09-04T18:16:07","slug":"novo-curso-escolar-e-novos-desafios","status":"publish","type":"post","link":"https:\/\/anpaveleirodocampo.eu\/index.php\/2024\/09\/04\/novo-curso-escolar-e-novos-desafios\/","title":{"rendered":"Novo curso escolar e novos desaf\u00edos"},"content":{"rendered":"\n<p>En poucos d\u00edas d\u00e1 comezo un novo curso escolar, a\u00ednda que para moitas de n\u00f3s non houbo desconexi\u00f3n estival no que aos asuntos do cole se refire. Como saberedes a maior\u00eda, este ver\u00e1n tocou pelexar duro polos dereitos do alumnado galego, sobre todo polo alumnado do rural, ese que segue estando de \u00faltimo na fila das oportunidades, por moito que a alg\u00fans se lles encha a boca enumerando a cantidade de medidas e recursos que po\u00f1en \u00e1 disposici\u00f3n dos nosos cativos nas escolas p\u00fablicas galegas.<\/p>\n\n\n\n<p>A lei de educaci\u00f3n vixente, a LOMLOE, establece como un dos seus obxectivos primordiais garantir unha educaci\u00f3n inclusiva, equitativa e de calidade para todos os estudantes. O pre\u00e1mbulo e os artigos centrais desta lei po\u00f1en unha \u00e9nfase particular na reduci\u00f3n de desigualdades no sistema educativo e na promoci\u00f3n dunha atenci\u00f3n personalizada que permita a cada alumno e alumna acadar o seu m\u00e1ximo potencial. Da mesma maneira, apunta que os centros educativos deben contar con &#8220;recursos humanos, materiais e organizativos suficientes&#8221; para atender as necesidades dos estudiantes&#8221;, de maneira que a reduci\u00f3n do n\u00famero de docentes \u00e9 unha medida que claramente entra en contradici\u00f3n co que expresa a lei, xa que compromete a posibilidade de ofrecer unha educaci\u00f3n inclusiva, personalizada e de calidade, tal e como esixe a lei.<br>Ignorar todo isto, da forma que o est\u00e1 a facer a Consellar\u00eda de Educaci\u00f3n, \u00e9 unha violaci\u00f3n dos dereitos do alumnado, e por iso non imos deixar de esixir que se cumpra a lei.<\/p>\n\n\n\n<p><strong>Un dos nosos obxectivos, como ANPA, \u00e9 que as familias esteades ao tanto deste tipo de vulneraci\u00f3ns, que en moitas ocasi\u00f3ns nos pasan por alto.<\/strong><\/p>\n\n\n\n<p>Este novo curso que comeza, comezamos con menos recursos no noso cole, menos profesorado do que nos corresponde e polo tanto menos posibilidades.<\/p>\n\n\n\n<p>Se a\u00ednda non te asociaches \u00e1 ANPA, consid\u00e9rao. \u00c9 unha das v\u00edas que temos as familias para defender os dereitos dxs nosxs fillxs, e tam\u00e9n para colaborar co cole e conseguir melloras e moito m\u00e1is!<\/p>\n\n\n\n<p>Podes descargar aqu\u00ed a ficha e fac\u00e9rnola chegar ao correo anpaveleirodocampo@yahoo.es <\/p>\n\n\n\n<p>Bo curso para todxs!<\/p>\n\n\n\n<p><\/p>\n","protected":false},"excerpt":{"rendered":"<p>En poucos d\u00edas d\u00e1 comezo un novo curso escolar, a\u00ednda que para moitas de n\u00f3s non houbo desconexi\u00f3n estival no que aos asuntos do cole se refire. Como saberedes a maior\u00eda, este ver\u00e1n tocou pelexar duro polos dereitos do alumnado galego, sobre todo polo alumnado do rural, ese que segue estando de \u00faltimo na fila [&hellip;]<\/p>\n","protected":false},"author":1,"featured_media":0,"comment_status":"open","ping_status":"open","sticky":false,"template":"","format":"standard","meta":{"footnotes":""},"categories":[1],"tags":[],"class_list":["post-25","post","type-post","status-publish","format-standard","hentry","category-uncategorized"],"_links":{"self":[{"href":"https:\/\/anpaveleirodocampo.eu\/index.php\/wp-json\/wp\/v2\/posts\/25","targetHints":{"allow":["GET"]}}],"collection":[{"href":"https:\/\/anpaveleirodocampo.eu\/index.php\/wp-json\/wp\/v2\/posts"}],"about":[{"href":"https:\/\/anpaveleirodocampo.eu\/index.php\/wp-json\/wp\/v2\/types\/post"}],"author":[{"embeddable":true,"href":"https:\/\/anpaveleirodocampo.eu\/index.php\/wp-json\/wp\/v2\/users\/1"}],"replies":[{"embeddable":true,"href":"https:\/\/anpaveleirodocampo.eu\/index.php\/wp-json\/wp\/v2\/comments?post=25"}],"version-history":[{"count":2,"href":"https:\/\/anpaveleirodocampo.eu\/index.php\/wp-json\/wp\/v2\/posts\/25\/revisions"}],"predecessor-version":[{"id":27,"href":"https:\/\/anpaveleirodocampo.eu\/index.php\/wp-json\/wp\/v2\/posts\/25\/revisions\/27"}],"wp:attachment":[{"href":"https:\/\/anpaveleirodocampo.eu\/index.php\/wp-json\/wp\/v2\/media?parent=25"}],"wp:term":[{"taxonomy":"category","embeddable":true,"href":"https:\/\/anpaveleirodocampo.eu\/index.php\/wp-json\/wp\/v2\/categories?post=25"},{"taxonomy":"post_tag","embeddable":true,"href":"https:\/\/anpaveleirodocampo.eu\/index.php\/wp-json\/wp\/v2\/tags?post=25"}],"curies":[{"name":"wp","href":"https:\/\/api.w.org\/{rel}","templated":true}]}}