{"id":247,"date":"2025-10-11T08:45:45","date_gmt":"2025-10-11T08:45:45","guid":{"rendered":"https:\/\/anpaveleirodocampo.eu\/?p=247"},"modified":"2025-10-11T08:45:45","modified_gmt":"2025-10-11T08:45:45","slug":"samain-concilia","status":"publish","type":"post","link":"https:\/\/anpaveleirodocampo.eu\/index.php\/2025\/10\/11\/samain-concilia\/","title":{"rendered":"SAMA\u00cdN CONCILIA"},"content":{"rendered":"\n<figure class=\"wp-block-image size-large wp-duotone-unset-1\"><img loading=\"lazy\" decoding=\"async\" width=\"724\" height=\"1024\" src=\"https:\/\/anpaveleirodocampo.eu\/wp-content\/uploads\/2025\/10\/Cartaz-Samain-2025-png-724x1024.jpg\" alt=\"\" class=\"wp-image-248\" srcset=\"https:\/\/anpaveleirodocampo.eu\/wp-content\/uploads\/2025\/10\/Cartaz-Samain-2025-png-724x1024.jpg 724w, https:\/\/anpaveleirodocampo.eu\/wp-content\/uploads\/2025\/10\/Cartaz-Samain-2025-png-212x300.jpg 212w, https:\/\/anpaveleirodocampo.eu\/wp-content\/uploads\/2025\/10\/Cartaz-Samain-2025-png-768x1086.jpg 768w, https:\/\/anpaveleirodocampo.eu\/wp-content\/uploads\/2025\/10\/Cartaz-Samain-2025-png-1086x1536.jpg 1086w, https:\/\/anpaveleirodocampo.eu\/wp-content\/uploads\/2025\/10\/Cartaz-Samain-2025-png.jpg 1131w\" sizes=\"auto, (max-width: 724px) 100vw, 724px\" \/><\/figure>\n\n\n\n<p>Queridas familias,<\/p>\n\n\n\n<p>un ano m\u00e1is, po\u00f1emos \u00e1 vosa disposici\u00f3n unha xornada l\u00fadica para as vosas crianzas, aproveitando a ponte de novembro, e coa intenci\u00f3n de botar unha man na conciliaci\u00f3n deses d\u00edas non lectivos.<\/p>\n\n\n\n<p>Contaremos con ARIeM Educaci\u00f3n, que nos fixeron unha proposta &#8220;monstruosa&#8221; para que as nosas crianzas desfruten a tope nese d\u00eda.<\/p>\n\n\n\n<p>Podedes realizar a inscrici\u00f3n na seguinte ligaz\u00f3n:<\/p>\n\n\n\n<p><a href=\"https:\/\/forms.gle\/jFm2P7dNEQT7qGfP7\">https:\/\/forms.gle\/jFm2P7dNEQT7qGfP7<\/a><\/p>\n\n\n\n<p>Bulide! que as prazas son limitadas!<\/p>\n","protected":false},"excerpt":{"rendered":"<p>Queridas familias, un ano m\u00e1is, po\u00f1emos \u00e1 vosa disposici\u00f3n unha xornada l\u00fadica para as vosas crianzas, aproveitando a ponte de novembro, e coa intenci\u00f3n de botar unha man na conciliaci\u00f3n deses d\u00edas non lectivos. Contaremos con ARIeM Educaci\u00f3n, que nos fixeron unha proposta &#8220;monstruosa&#8221; para que as nosas crianzas desfruten a tope nese d\u00eda. Podedes [&hellip;]<\/p>\n","protected":false},"author":1,"featured_media":0,"comment_status":"open","ping_status":"open","sticky":false,"template":"","format":"standard","meta":{"footnotes":""},"categories":[1],"tags":[19,18,17],"class_list":["post-247","post","type-post","status-publish","format-standard","hentry","category-uncategorized","tag-ariem","tag-concilia","tag-samain-2"],"_links":{"self":[{"href":"https:\/\/anpaveleirodocampo.eu\/index.php\/wp-json\/wp\/v2\/posts\/247","targetHints":{"allow":["GET"]}}],"collection":[{"href":"https:\/\/anpaveleirodocampo.eu\/index.php\/wp-json\/wp\/v2\/posts"}],"about":[{"href":"https:\/\/anpaveleirodocampo.eu\/index.php\/wp-json\/wp\/v2\/types\/post"}],"author":[{"embeddable":true,"href":"https:\/\/anpaveleirodocampo.eu\/index.php\/wp-json\/wp\/v2\/users\/1"}],"replies":[{"embeddable":true,"href":"https:\/\/anpaveleirodocampo.eu\/index.php\/wp-json\/wp\/v2\/comments?post=247"}],"version-history":[{"count":1,"href":"https:\/\/anpaveleirodocampo.eu\/index.php\/wp-json\/wp\/v2\/posts\/247\/revisions"}],"predecessor-version":[{"id":249,"href":"https:\/\/anpaveleirodocampo.eu\/index.php\/wp-json\/wp\/v2\/posts\/247\/revisions\/249"}],"wp:attachment":[{"href":"https:\/\/anpaveleirodocampo.eu\/index.php\/wp-json\/wp\/v2\/media?parent=247"}],"wp:term":[{"taxonomy":"category","embeddable":true,"href":"https:\/\/anpaveleirodocampo.eu\/index.php\/wp-json\/wp\/v2\/categories?post=247"},{"taxonomy":"post_tag","embeddable":true,"href":"https:\/\/anpaveleirodocampo.eu\/index.php\/wp-json\/wp\/v2\/tags?post=247"}],"curies":[{"name":"wp","href":"https:\/\/api.w.org\/{rel}","templated":true}]}}