{"id":193,"date":"2025-06-28T17:02:51","date_gmt":"2025-06-28T17:02:51","guid":{"rendered":"https:\/\/anpaveleirodocampo.eu\/?p=193"},"modified":"2025-06-28T17:08:01","modified_gmt":"2025-06-28T17:08:01","slug":"movemento-adolescencia-libre-de-mobiles","status":"publish","type":"post","link":"https:\/\/anpaveleirodocampo.eu\/index.php\/2025\/06\/28\/movemento-adolescencia-libre-de-mobiles\/","title":{"rendered":"Movemento Adolescencia Libre de M\u00f3biles"},"content":{"rendered":"\n<figure class=\"wp-block-image size-full wp-duotone-unset-1\"><img loading=\"lazy\" decoding=\"async\" width=\"855\" height=\"290\" src=\"https:\/\/anpaveleirodocampo.eu\/wp-content\/uploads\/2025\/06\/logoPactoALM.jpg\" alt=\"\" class=\"wp-image-194\" srcset=\"https:\/\/anpaveleirodocampo.eu\/wp-content\/uploads\/2025\/06\/logoPactoALM.jpg 855w, https:\/\/anpaveleirodocampo.eu\/wp-content\/uploads\/2025\/06\/logoPactoALM-300x102.jpg 300w, https:\/\/anpaveleirodocampo.eu\/wp-content\/uploads\/2025\/06\/logoPactoALM-768x260.jpg 768w\" sizes=\"auto, (max-width: 855px) 100vw, 855px\" \/><\/figure>\n\n\n\n<p class=\"has-text-align-left\">Que \u00e9 o MOVEMENTO ADOLESCENCIA LIBRE DE M\u00d3BILES?<\/p>\n\n\n\n<p class=\"has-text-align-left\">Adolescencia Libre de M\u00f3biles son miles de familias preocupadas pola relaci\u00f3n da nosa infancia e adolescencia cos smartphones e as redes sociais, unha tecnolox\u00eda que pon internet ao seu alcance en calquera momento e lugar, afectando \u00e1 s\u00faa sociabilidade, aprendizaxe, concentraci\u00f3n, sono e autoestima, ademais de favorecer o acceso a contido inapropiado para a s\u00faa idade, o ciberacoso&nbsp;e dar lugar a condutas adictivas.<\/p>\n\n\n\n<p class=\"has-text-align-left\">Que buscan?<\/p>\n\n\n\n<p class=\"has-text-align-left\">Moitas familias entregaron o smartphone porque os seus fillos e fillas non foran os \u00fanicos que non o ti\u00f1an. Queren cambiar esta presi\u00f3n social&nbsp;e para iso neces\u00edtase apoio colectivo para atrasar a idade na que lles damos un smartphone.<\/p>\n\n\n\n<p class=\"has-text-align-left\">Prop\u00f3\u00f1ennos unirnos a este pacto de familias. Est\u00e1 nas nosas mans reducir a presi\u00f3n social que sofren e cambiar esa regra non escrita que nos levou a entregar este dispositivo xeralmente ao inicio da ESO.<\/p>\n\n\n\n<p class=\"has-text-align-left\">Non estamos esaxerando?<\/p>\n\n\n\n<p class=\"has-text-align-left\">En decembro de 2024, a Asociaci\u00f3n Espa\u00f1ola de Pediatr\u00eda actualizou as s\u00faas recomendaci\u00f3ns por idade para o uso de pantallas:<\/p>\n\n\n\n<p class=\"has-text-align-left\">13-16 anos:&nbsp;menos de 2 horas de pantalla ao d\u00eda, inclu\u00edndo tempo escolar e deberes. Priorizar tel\u00e9fonos sen acceso a internet e atrasar a idade do primeiro smartphone.<br>7-12 anos:&nbsp;menos de 1 hora de pantalla ao d\u00eda, inclu\u00edndo tempo escolar e deberes.<br>0-6 anos:&nbsp;0 pantallas, non existe tempo seguro de uso.<\/p>\n\n\n\n<p class=\"has-text-align-left\">Como funciona o pacto?<\/p>\n\n\n\n<p class=\"has-text-align-left\">1. Enche o pacto&nbsp;por cada un dos teus fillos ou fillas.<\/p>\n\n\n\n<p class=\"has-text-align-left\">2.&nbsp;Ao facelo comprom\u00e9teste a atrasar a entrega do primeiro smartphone, a ser posible, ata os 16 anos. Este compromiso ser\u00e1 anual e renovarase automaticamente a non ser que solicites darte de baixa do pacto.<\/p>\n\n\n\n<p class=\"has-text-align-left\">3.&nbsp;A informaci\u00f3n tratarase de forma an\u00f3nima&nbsp;e compartiranse os resultados por zonas, escolas e cursos&nbsp;para co\u00f1ecer o n\u00famero de familias adheridas ao pacto e reducir as\u00ed a presi\u00f3n social.<\/p>\n\n\n\n<div data-wp-interactive=\"core\/file\" class=\"wp-block-file\"><object data-wp-bind--hidden=\"!state.hasPdfPreview\" hidden class=\"wp-block-file__embed\" data=\"https:\/\/anpaveleirodocampo.eu\/wp-content\/uploads\/2025\/06\/Presentacion-AdolescenciaLibreMobiles.pdf\" type=\"application\/pdf\" style=\"width:100%;height:600px\" aria-label=\"Incrustado de Presentaci\u00f3n AdolescenciaLibreM\u00f3biles.\"><\/object><a id=\"wp-block-file--media-55a11211-0bbe-46c6-911d-9367fd80bade\" href=\"https:\/\/anpaveleirodocampo.eu\/wp-content\/uploads\/2025\/06\/Presentacion-AdolescenciaLibreMobiles.pdf\">Presentaci\u00f3n AdolescenciaLibreM\u00f3biles<\/a><a href=\"https:\/\/anpaveleirodocampo.eu\/wp-content\/uploads\/2025\/06\/Presentacion-AdolescenciaLibreMobiles.pdf\" class=\"wp-block-file__button wp-element-button\" download aria-describedby=\"wp-block-file--media-55a11211-0bbe-46c6-911d-9367fd80bade\">Descarga\t <\/a><\/div>\n\n\n\n<p><strong>Desde a ANPA do CEIP Veleiro Docampo queremos propo\u00f1ervos unirvos a este pacto entre familias para atrasar a entrega, \u00e1s nosas fillas e fillos, dun smartphone ata os 16 anos;\u00a0 tal e como promove o Movemento Adolescencia Libre de M\u00f3biles.\u00a0<\/strong><\/p>\n\n\n\n<p><strong>Tedes aqu\u00ed, arriba, a presentaci\u00f3n que xustifica os motivos polos que se considera tan importante que as familias nos comprometamos a atrasar o m\u00e1ximo posible a compra \u00e1s nosas fillas e fillos de dita ferramenta.<\/strong><\/p>\n\n\n\n<p><strong>As\u00ed mesmo, nesta ligaz\u00f3n podes adherirte a este pacto. <\/strong><a href=\"https:\/\/www.pacto.adolescencialibredemoviles.es\/index.php?key=c&amp;curso_escolar=24-25&amp;idioma=gl\u00a0\">https:\/\/www.pacto.adolescencialibredemoviles.es\/index.php?key=c&amp;curso_escolar=24-25&amp;idioma=gl\u00a0<\/a> \u00a0<strong>(No buscador escribes <em>Veleiro<\/em> e xa sae o noso centro educativo).<\/strong><\/p>\n\n\n\n<p><strong>ENTRE TODXS, PODEMOS VENCER A PRESI\u00d3N!<\/strong><\/p>\n\n\n\n<p><\/p>\n","protected":false},"excerpt":{"rendered":"<p>Que \u00e9 o MOVEMENTO ADOLESCENCIA LIBRE DE M\u00d3BILES? Adolescencia Libre de M\u00f3biles son miles de familias preocupadas pola relaci\u00f3n da nosa infancia e adolescencia cos smartphones e as redes sociais, unha tecnolox\u00eda que pon internet ao seu alcance en calquera momento e lugar, afectando \u00e1 s\u00faa sociabilidade, aprendizaxe, concentraci\u00f3n, sono e autoestima, ademais de favorecer [&hellip;]<\/p>\n","protected":false},"author":1,"featured_media":0,"comment_status":"open","ping_status":"open","sticky":false,"template":"","format":"standard","meta":{"footnotes":""},"categories":[1],"tags":[13,9,12],"class_list":["post-193","post","type-post","status-publish","format-standard","hentry","category-uncategorized","tag-adolescencia-libre-de-moviles","tag-internet-e-adolescencia","tag-pacto-de-familias"],"_links":{"self":[{"href":"https:\/\/anpaveleirodocampo.eu\/index.php\/wp-json\/wp\/v2\/posts\/193","targetHints":{"allow":["GET"]}}],"collection":[{"href":"https:\/\/anpaveleirodocampo.eu\/index.php\/wp-json\/wp\/v2\/posts"}],"about":[{"href":"https:\/\/anpaveleirodocampo.eu\/index.php\/wp-json\/wp\/v2\/types\/post"}],"author":[{"embeddable":true,"href":"https:\/\/anpaveleirodocampo.eu\/index.php\/wp-json\/wp\/v2\/users\/1"}],"replies":[{"embeddable":true,"href":"https:\/\/anpaveleirodocampo.eu\/index.php\/wp-json\/wp\/v2\/comments?post=193"}],"version-history":[{"count":3,"href":"https:\/\/anpaveleirodocampo.eu\/index.php\/wp-json\/wp\/v2\/posts\/193\/revisions"}],"predecessor-version":[{"id":198,"href":"https:\/\/anpaveleirodocampo.eu\/index.php\/wp-json\/wp\/v2\/posts\/193\/revisions\/198"}],"wp:attachment":[{"href":"https:\/\/anpaveleirodocampo.eu\/index.php\/wp-json\/wp\/v2\/media?parent=193"}],"wp:term":[{"taxonomy":"category","embeddable":true,"href":"https:\/\/anpaveleirodocampo.eu\/index.php\/wp-json\/wp\/v2\/categories?post=193"},{"taxonomy":"post_tag","embeddable":true,"href":"https:\/\/anpaveleirodocampo.eu\/index.php\/wp-json\/wp\/v2\/tags?post=193"}],"curies":[{"name":"wp","href":"https:\/\/api.w.org\/{rel}","templated":true}]}}