{"id":187,"date":"2025-06-09T18:25:31","date_gmt":"2025-06-09T18:25:31","guid":{"rendered":"https:\/\/anpaveleirodocampo.eu\/?p=187"},"modified":"2025-06-09T21:47:45","modified_gmt":"2025-06-09T21:47:45","slug":"campamento-concilia","status":"publish","type":"post","link":"https:\/\/anpaveleirodocampo.eu\/index.php\/2025\/06\/09\/campamento-concilia\/","title":{"rendered":"Campamento concilia"},"content":{"rendered":"\n<p>Co fin de complementar o servizo de campamento de ver\u00e1n ofertado polo noso concello, e grazas \u00e1 axuda do Plan Corresponsables da Conseller\u00eda de Pol\u00edtica Social e Igualdade, anunci\u00e1mosvos un servizo de campamento para a semana do 23 ao 27 de xu\u00f1o, e a semana do 1 ao 5 de setembro de 2025.<\/p>\n\n\n\n<p>A continuaci\u00f3n deix\u00e1mosvos todos os detalles e pasos a seguir para a inscrici\u00f3n dxs vosxs fillxs:<\/p>\n\n\n\n<p><strong>Datas<\/strong>: semana xu\u00f1o (do 23 ao 27, ambos inclu\u00eddos); semana setembro (do 1 ao 5, ambos inclu\u00eddos).<\/p>\n\n\n\n<p><strong>Horario<\/strong>: 09:00 &#8211; 14:00h (opci\u00f3n de madrugadores de 07:45 a 09:00).<\/p>\n\n\n\n<p><strong>Lugar<\/strong>: CEIP Veleiro Docampo<\/p>\n\n\n\n<p><strong>Prezo\/semana:<\/strong> 35\u20ac (1 neno\/a); 20\u20ac (1\u00bairm\u00e1n); 10\u20ac (2\u00bairm\u00e1n e seguintes).<\/p>\n\n\n\n<p><strong>Taxa de xesti\u00f3n (matr\u00edcula)<\/strong>: 20\u20ac\/familia (GRATU\u00cdTA PARA FAMILIAS ASOCIADAS \u00c1 ANPA).<\/p>\n\n\n\n<p><strong>Prazo m\u00e1ximo para inscrici\u00f3ns<\/strong>: 16\/06\/25<\/p>\n\n\n\n<p><strong>Empresa que leva a cabo as actividades<\/strong>: Ludus Tempori<\/p>\n\n\n\n<p><strong>Como apunto xs meus fillxs?<\/strong> Env\u00edanos a ficha que os teus fillxs levar\u00e1n para a casa (entr\u00e9ganllela no cole) ao seguinte correo-e: <mark style=\"background-color:#f7eb62;color:#0c0b0b\" class=\"has-inline-color\">anpaveleirodocampo27260@gmail.com<\/mark>    Debes encher todos os datos solicitados, nas 2 caras da folla (lembra marcar as casi\u00f1as relativas \u00e1s t\u00faas escollas sobre a protecci\u00f3n de datos) e asinar tam\u00e9n as 2 caras da folla. Unha vez que che confirmemos a inscrici\u00f3n, deber\u00e1s realizar o pagamento correspondente nun prazo de 48h e enviarnos o comprobante ao mesmo enderezo de correo-e. \u00c9 importante <strong>NON realizar o pagamento antes de que se vos confirme a inscrici\u00f3n<\/strong>, xa que as prazas son limitadas e cubriranse por orde de rexistro no mail.<\/p>\n\n\n\n<p><strong>Pagamento<\/strong>:  na conta ES50 0049 2829 9528 1403 7646 (ANPA Veleiro Docampo) co nome das crianzas no ASUNTO.<\/p>\n\n\n\n<figure class=\"wp-block-image size-large wp-duotone-unset-1\"><img loading=\"lazy\" decoding=\"async\" width=\"724\" height=\"1024\" src=\"https:\/\/anpaveleirodocampo.eu\/wp-content\/uploads\/2025\/06\/CARTAZ-CAMPAMENTO-ANPA-724x1024.jpg\" alt=\"\" class=\"wp-image-189\"\/><\/figure>\n","protected":false},"excerpt":{"rendered":"<p>Co fin de complementar o servizo de campamento de ver\u00e1n ofertado polo noso concello, e grazas \u00e1 axuda do Plan Corresponsables da Conseller\u00eda de Pol\u00edtica Social e Igualdade, anunci\u00e1mosvos un servizo de campamento para a semana do 23 ao 27 de xu\u00f1o, e a semana do 1 ao 5 de setembro de 2025. A continuaci\u00f3n [&hellip;]<\/p>\n","protected":false},"author":1,"featured_media":0,"comment_status":"open","ping_status":"open","sticky":false,"template":"","format":"standard","meta":{"footnotes":""},"categories":[1],"tags":[],"class_list":["post-187","post","type-post","status-publish","format-standard","hentry","category-uncategorized"],"_links":{"self":[{"href":"https:\/\/anpaveleirodocampo.eu\/index.php\/wp-json\/wp\/v2\/posts\/187","targetHints":{"allow":["GET"]}}],"collection":[{"href":"https:\/\/anpaveleirodocampo.eu\/index.php\/wp-json\/wp\/v2\/posts"}],"about":[{"href":"https:\/\/anpaveleirodocampo.eu\/index.php\/wp-json\/wp\/v2\/types\/post"}],"author":[{"embeddable":true,"href":"https:\/\/anpaveleirodocampo.eu\/index.php\/wp-json\/wp\/v2\/users\/1"}],"replies":[{"embeddable":true,"href":"https:\/\/anpaveleirodocampo.eu\/index.php\/wp-json\/wp\/v2\/comments?post=187"}],"version-history":[{"count":3,"href":"https:\/\/anpaveleirodocampo.eu\/index.php\/wp-json\/wp\/v2\/posts\/187\/revisions"}],"predecessor-version":[{"id":191,"href":"https:\/\/anpaveleirodocampo.eu\/index.php\/wp-json\/wp\/v2\/posts\/187\/revisions\/191"}],"wp:attachment":[{"href":"https:\/\/anpaveleirodocampo.eu\/index.php\/wp-json\/wp\/v2\/media?parent=187"}],"wp:term":[{"taxonomy":"category","embeddable":true,"href":"https:\/\/anpaveleirodocampo.eu\/index.php\/wp-json\/wp\/v2\/categories?post=187"},{"taxonomy":"post_tag","embeddable":true,"href":"https:\/\/anpaveleirodocampo.eu\/index.php\/wp-json\/wp\/v2\/tags?post=187"}],"curies":[{"name":"wp","href":"https:\/\/api.w.org\/{rel}","templated":true}]}}