{"id":155,"date":"2025-02-09T22:53:42","date_gmt":"2025-02-09T22:53:42","guid":{"rendered":"https:\/\/anpaveleirodocampo.eu\/?p=155"},"modified":"2025-02-09T22:53:42","modified_gmt":"2025-02-09T22:53:42","slug":"resumo-do-primeiro-trimestre-24-25","status":"publish","type":"post","link":"https:\/\/anpaveleirodocampo.eu\/index.php\/2025\/02\/09\/resumo-do-primeiro-trimestre-24-25\/","title":{"rendered":"Resumo do primeiro trimestre 24-25"},"content":{"rendered":"\n<p>O primeiro trimestre deste curso 2024-2025 veu cargado de actividades para pequen@s e grandes:<\/p>\n\n\n\n<p>&#8211; Sama\u00edn concilia: foi unha xornada de actividades e diversi\u00f3n arredor da festividade do Sama\u00edn, creada para axudar \u00e1s familias na conciliaci\u00f3n nun d\u00eda laborable mais non lectivo para as crianzas, o 31 de outubro, D\u00eda do Ensino.<\/p>\n\n\n\n<figure class=\"wp-block-image size-large is-resized wp-duotone-unset-1\"><img loading=\"lazy\" decoding=\"async\" width=\"768\" height=\"1024\" src=\"https:\/\/anpaveleirodocampo.eu\/wp-content\/uploads\/2025\/02\/samain-1-768x1024.jpg\" alt=\"\" class=\"wp-image-157\" style=\"width:275px;height:auto\" srcset=\"https:\/\/anpaveleirodocampo.eu\/wp-content\/uploads\/2025\/02\/samain-1-768x1024.jpg 768w, https:\/\/anpaveleirodocampo.eu\/wp-content\/uploads\/2025\/02\/samain-1-225x300.jpg 225w, https:\/\/anpaveleirodocampo.eu\/wp-content\/uploads\/2025\/02\/samain-1-1152x1536.jpg 1152w, https:\/\/anpaveleirodocampo.eu\/wp-content\/uploads\/2025\/02\/samain-1.jpg 1200w\" sizes=\"auto, (max-width: 768px) 100vw, 768px\" \/><\/figure>\n\n\n\n<p>&#8211; A Anpa do Ceip Veleiro Docampo foi beneficiaria do programa \u201cDa escola \u00e1 granxa\u201d, subvencionado pola Deputaci\u00f3n de Lugo, no ano 2024.<\/p>\n\n\n\n<figure class=\"wp-block-image size-large wp-duotone-unset-2\"><img loading=\"lazy\" decoding=\"async\" width=\"1024\" height=\"768\" src=\"https:\/\/anpaveleirodocampo.eu\/wp-content\/uploads\/2025\/02\/da-granxa-a-escola-1024x768.jpg\" alt=\"\" class=\"wp-image-158\" srcset=\"https:\/\/anpaveleirodocampo.eu\/wp-content\/uploads\/2025\/02\/da-granxa-a-escola-1024x768.jpg 1024w, https:\/\/anpaveleirodocampo.eu\/wp-content\/uploads\/2025\/02\/da-granxa-a-escola-300x225.jpg 300w, https:\/\/anpaveleirodocampo.eu\/wp-content\/uploads\/2025\/02\/da-granxa-a-escola-768x576.jpg 768w, https:\/\/anpaveleirodocampo.eu\/wp-content\/uploads\/2025\/02\/da-granxa-a-escola-1536x1152.jpg 1536w, https:\/\/anpaveleirodocampo.eu\/wp-content\/uploads\/2025\/02\/da-granxa-a-escola.jpg 2048w\" sizes=\"auto, (max-width: 1024px) 100vw, 1024px\" \/><\/figure>\n\n\n\n<p>Esta foto corresponde \u00e1 visita que realizou o alumnado de 5\u00ba e 6\u00ba de Primaria \u00e1 gander\u00eda de Alejandro Salvatierra, na Pontenova, o pasado 7 de novembro<img loading=\"lazy\" decoding=\"async\" src=\"\" alt=\"\ud83d\udc2e\" width=\"16\" height=\"16\"> <img loading=\"lazy\" decoding=\"async\" src=\"\" alt=\"\ud83d\udc37\" width=\"16\" height=\"16\"> <img loading=\"lazy\" decoding=\"async\" src=\"\" alt=\"\ud83d\udc34\" width=\"16\" height=\"16\"><\/p>\n\n\n\n<p>E houbo outras d\u00faas sa\u00eddas m\u00e1is, neste curso 2024-2025, a primeira delas foi destinada ao alumnado de 4\u00ba EP, visitando Milhulloa e, a segunda, para o alumnado de 2\u00ba e 3\u00ba de EP, na que acudiron \u00e1s instalaci\u00f3ns das galletas mari\u00f1eiras Daveiga.<\/p>\n\n\n\n<p>Pero ademais destas sa\u00eddas, fix\u00e9ronse tres obradoiros no colexio, impartidos pola asociaci\u00f3n ADEGA. Dous deles, xa no curso 2023-2024 e outro neste pasado mes de novembro.<\/p>\n\n\n\n<p>Os nosos agradecementos polo bo trato recibido, en cada unha das sa\u00eddas e obradoiros realizados. Sabemos que os\/as nenos\/nenas desfrutaron moito.<\/p>\n\n\n\n<p>Queremos aproveitar para sinalar a importancia de asociarvos \u00e1 ANPA, se a\u00ednda non o fixestes, pois cantos m\u00e1is socios sexamos, mais posibilidade temos de beneficiarnos de axudas ou subvenci\u00f3ns deste tipo<img loading=\"lazy\" decoding=\"async\" src=\"\" alt=\"\u203c\ufe0f\" width=\"16\" height=\"16\"> Ax\u00fadanos a seguir<img loading=\"lazy\" decoding=\"async\" src=\"\" alt=\"\u203c\ufe0f\" width=\"16\" height=\"16\"><\/p>\n\n\n\n<p>&#8211; Puxemos \u00e1 disposici\u00f3n das familias asociadas formaci\u00f3ns de diverso tipo, ben difundindo todo aquilo que chega de interese \u00e1 nosa caixa de correo, como organizando charlas no propio centro educativo. Neste trimestre organizamos 2 charlas:<\/p>\n\n\n\n<p>\u25baFamilia e novas tecnolox\u00edas, impartida por Mar\u00eda Rodr\u00edguez Navarro, de Cruz Roja.<\/p>\n\n\n\n<figure class=\"wp-block-image size-large is-resized wp-duotone-unset-3\"><img loading=\"lazy\" decoding=\"async\" width=\"1024\" height=\"768\" src=\"https:\/\/anpaveleirodocampo.eu\/wp-content\/uploads\/2025\/02\/charla-cruz-roja-1024x768.jpg\" alt=\"\" class=\"wp-image-159\" style=\"width:369px;height:auto\" srcset=\"https:\/\/anpaveleirodocampo.eu\/wp-content\/uploads\/2025\/02\/charla-cruz-roja-1024x768.jpg 1024w, https:\/\/anpaveleirodocampo.eu\/wp-content\/uploads\/2025\/02\/charla-cruz-roja-300x225.jpg 300w, https:\/\/anpaveleirodocampo.eu\/wp-content\/uploads\/2025\/02\/charla-cruz-roja-768x576.jpg 768w, https:\/\/anpaveleirodocampo.eu\/wp-content\/uploads\/2025\/02\/charla-cruz-roja-1536x1152.jpg 1536w, https:\/\/anpaveleirodocampo.eu\/wp-content\/uploads\/2025\/02\/charla-cruz-roja-2048x1536.jpg 2048w\" sizes=\"auto, (max-width: 1024px) 100vw, 1024px\" \/><\/figure>\n\n\n\n<p>\u25baCalzado respectuoso, impartida pola pod\u00f3loga Laura Fari\u00f1as e a fisioterapeuta Eva Rodr\u00edguez.<\/p>\n\n\n\n<figure class=\"wp-block-image size-full is-resized wp-duotone-unset-4\"><img loading=\"lazy\" decoding=\"async\" width=\"526\" height=\"526\" src=\"https:\/\/anpaveleirodocampo.eu\/wp-content\/uploads\/2025\/02\/obradoiro-calzado.jpg\" alt=\"\" class=\"wp-image-160\" style=\"width:302px;height:auto\" srcset=\"https:\/\/anpaveleirodocampo.eu\/wp-content\/uploads\/2025\/02\/obradoiro-calzado.jpg 526w, https:\/\/anpaveleirodocampo.eu\/wp-content\/uploads\/2025\/02\/obradoiro-calzado-300x300.jpg 300w, https:\/\/anpaveleirodocampo.eu\/wp-content\/uploads\/2025\/02\/obradoiro-calzado-150x150.jpg 150w\" sizes=\"auto, (max-width: 526px) 100vw, 526px\" \/><\/figure>\n\n\n\n<p>&#8211; E para acabar o ano, a Festa de Nadal, con xogos, obradoiros, merenda e a esperada visita do Apalpador, que conversou coas crianzas sobre a importancia de conservarmos os bosques e a biodiversidade. Por suposto, tam\u00e9n deixou un detalli\u00f1o para eles e elas.<\/p>\n\n\n\n<figure class=\"wp-block-image size-large is-resized wp-duotone-unset-5\"><img loading=\"lazy\" decoding=\"async\" width=\"1024\" height=\"576\" src=\"https:\/\/anpaveleirodocampo.eu\/wp-content\/uploads\/2025\/02\/apalpador-1024x576.jpg\" alt=\"\" class=\"wp-image-161\" style=\"width:476px;height:auto\" srcset=\"https:\/\/anpaveleirodocampo.eu\/wp-content\/uploads\/2025\/02\/apalpador-1024x576.jpg 1024w, https:\/\/anpaveleirodocampo.eu\/wp-content\/uploads\/2025\/02\/apalpador-300x169.jpg 300w, https:\/\/anpaveleirodocampo.eu\/wp-content\/uploads\/2025\/02\/apalpador-768x432.jpg 768w, https:\/\/anpaveleirodocampo.eu\/wp-content\/uploads\/2025\/02\/apalpador-1536x864.jpg 1536w, https:\/\/anpaveleirodocampo.eu\/wp-content\/uploads\/2025\/02\/apalpador.jpg 1600w\" sizes=\"auto, (max-width: 1024px) 100vw, 1024px\" \/><\/figure>\n","protected":false},"excerpt":{"rendered":"<p>O primeiro trimestre deste curso 2024-2025 veu cargado de actividades para pequen@s e grandes: &#8211; Sama\u00edn concilia: foi unha xornada de actividades e diversi\u00f3n arredor da festividade do Sama\u00edn, creada para axudar \u00e1s familias na conciliaci\u00f3n nun d\u00eda laborable mais non lectivo para as crianzas, o 31 de outubro, D\u00eda do Ensino. &#8211; A Anpa [&hellip;]<\/p>\n","protected":false},"author":1,"featured_media":0,"comment_status":"open","ping_status":"open","sticky":false,"template":"","format":"standard","meta":{"footnotes":""},"categories":[1],"tags":[6,8,10,9,5,7],"class_list":["post-155","post","type-post","status-publish","format-standard","hentry","category-uncategorized","tag-apalpador","tag-calzado-respectuoso","tag-da-escola-a-granxa","tag-internet-e-adolescencia","tag-nadal","tag-samain"],"_links":{"self":[{"href":"https:\/\/anpaveleirodocampo.eu\/index.php\/wp-json\/wp\/v2\/posts\/155","targetHints":{"allow":["GET"]}}],"collection":[{"href":"https:\/\/anpaveleirodocampo.eu\/index.php\/wp-json\/wp\/v2\/posts"}],"about":[{"href":"https:\/\/anpaveleirodocampo.eu\/index.php\/wp-json\/wp\/v2\/types\/post"}],"author":[{"embeddable":true,"href":"https:\/\/anpaveleirodocampo.eu\/index.php\/wp-json\/wp\/v2\/users\/1"}],"replies":[{"embeddable":true,"href":"https:\/\/anpaveleirodocampo.eu\/index.php\/wp-json\/wp\/v2\/comments?post=155"}],"version-history":[{"count":1,"href":"https:\/\/anpaveleirodocampo.eu\/index.php\/wp-json\/wp\/v2\/posts\/155\/revisions"}],"predecessor-version":[{"id":162,"href":"https:\/\/anpaveleirodocampo.eu\/index.php\/wp-json\/wp\/v2\/posts\/155\/revisions\/162"}],"wp:attachment":[{"href":"https:\/\/anpaveleirodocampo.eu\/index.php\/wp-json\/wp\/v2\/media?parent=155"}],"wp:term":[{"taxonomy":"category","embeddable":true,"href":"https:\/\/anpaveleirodocampo.eu\/index.php\/wp-json\/wp\/v2\/categories?post=155"},{"taxonomy":"post_tag","embeddable":true,"href":"https:\/\/anpaveleirodocampo.eu\/index.php\/wp-json\/wp\/v2\/tags?post=155"}],"curies":[{"name":"wp","href":"https:\/\/api.w.org\/{rel}","templated":true}]}}