{"id":1,"date":"2024-02-19T09:16:10","date_gmt":"2024-02-19T09:16:10","guid":{"rendered":"http:\/\/anpaveleirodocampo.eu\/?p=1"},"modified":"2024-09-04T18:21:14","modified_gmt":"2024-09-04T18:21:14","slug":"hello-world","status":"publish","type":"post","link":"https:\/\/anpaveleirodocampo.eu\/index.php\/2024\/02\/19\/hello-world\/","title":{"rendered":"Benvidxs \u00e1 web da ANPA do CEIP Veleiro Docampo"},"content":{"rendered":"\n<p>No pasado mes de outubro botou a andar unha ANPA renovada, despois de alg\u00fans anos de silencio.<\/p>\n\n\n\n<p>Estamos a traballar por crear un espazo moito mellor para os\/as nosos\/as fillos\/as, po\u00f1endo o foco en actividades, traballos, petici\u00f3ns a instituci\u00f3ns p\u00fablicas e iniciativas que sexan <strong>inclusivas, conciliadoras e baseadas nunha educaci\u00f3n adaptada aos\/\u00e1s m\u00e1is pequenos<\/strong><strong>\/as<\/strong>, sexa cal sexa o seu nivel ou situaci\u00f3n.<\/p>\n\n\n\n<p>Cremos tam\u00e9n na <strong>importancia dos valores<\/strong> e de facelos chegar aos nenos e nenas e \u00e1s familias, desde actividades ou servizos prestados por asociaci\u00f3ns como a nosa.&nbsp;<\/p>\n\n\n\n<p>Desde outubro xa levamos a cabo as seguintes acci\u00f3ns:<\/p>\n\n\n\n<ul class=\"wp-block-list\">\n<li>Falar con organismos p\u00fablicos para propo\u00f1er melloras e apoio para que o CEIP Veleiro Docampo sexa un centro digno.<\/li>\n\n\n\n<li>Melloras no colexio.<\/li>\n\n\n\n<li>Solicitude de axudas para podermos ofrecer opci\u00f3ns de conciliaci\u00f3n polas tardes, para actividades en d\u00edas festivos e para a realizaci\u00f3n de actividades en materia de Igualdade.<\/li>\n\n\n\n<li>Form\u00e1monos sobre temas legais, xesti\u00f3n de Anpas, diferentes metodolox\u00edas de formaci\u00f3n&#8230;<\/li>\n<\/ul>\n\n\n\n<p><strong>Seguimos traballando, inform\u00e1ndonos, aprendendo e loitando por unha Escola mellor para os\/as nosos\/as nenos\/as e as s\u00faas familias<\/strong>. <strong>Por iso, moitas grazas polo teu apoio! Cantas m\u00e1is familias sexamos, m\u00e1is posibilidades temos de conseguir axudas (este \u00e9 un dato que moitas familias desco\u00f1ecen, polo que che agradecemos que nos axudes a concienciar as que a\u00ednda non se asociaron).<\/strong><\/p>\n\n\n\n<p><\/p>\n","protected":false},"excerpt":{"rendered":"<p>No pasado mes de outubro botou a andar unha ANPA renovada, despois de alg\u00fans anos de silencio. Estamos a traballar por crear un espazo moito mellor para os\/as nosos\/as fillos\/as, po\u00f1endo o foco en actividades, traballos, petici\u00f3ns a instituci\u00f3ns p\u00fablicas e iniciativas que sexan inclusivas, conciliadoras e baseadas nunha educaci\u00f3n adaptada aos\/\u00e1s m\u00e1is pequenos\/as, sexa [&hellip;]<\/p>\n","protected":false},"author":1,"featured_media":0,"comment_status":"open","ping_status":"open","sticky":false,"template":"","format":"standard","meta":{"footnotes":""},"categories":[1],"tags":[],"class_list":["post-1","post","type-post","status-publish","format-standard","hentry","category-uncategorized"],"_links":{"self":[{"href":"https:\/\/anpaveleirodocampo.eu\/index.php\/wp-json\/wp\/v2\/posts\/1","targetHints":{"allow":["GET"]}}],"collection":[{"href":"https:\/\/anpaveleirodocampo.eu\/index.php\/wp-json\/wp\/v2\/posts"}],"about":[{"href":"https:\/\/anpaveleirodocampo.eu\/index.php\/wp-json\/wp\/v2\/types\/post"}],"author":[{"embeddable":true,"href":"https:\/\/anpaveleirodocampo.eu\/index.php\/wp-json\/wp\/v2\/users\/1"}],"replies":[{"embeddable":true,"href":"https:\/\/anpaveleirodocampo.eu\/index.php\/wp-json\/wp\/v2\/comments?post=1"}],"version-history":[{"count":4,"href":"https:\/\/anpaveleirodocampo.eu\/index.php\/wp-json\/wp\/v2\/posts\/1\/revisions"}],"predecessor-version":[{"id":29,"href":"https:\/\/anpaveleirodocampo.eu\/index.php\/wp-json\/wp\/v2\/posts\/1\/revisions\/29"}],"wp:attachment":[{"href":"https:\/\/anpaveleirodocampo.eu\/index.php\/wp-json\/wp\/v2\/media?parent=1"}],"wp:term":[{"taxonomy":"category","embeddable":true,"href":"https:\/\/anpaveleirodocampo.eu\/index.php\/wp-json\/wp\/v2\/categories?post=1"},{"taxonomy":"post_tag","embeddable":true,"href":"https:\/\/anpaveleirodocampo.eu\/index.php\/wp-json\/wp\/v2\/tags?post=1"}],"curies":[{"name":"wp","href":"https:\/\/api.w.org\/{rel}","templated":true}]}}